{"id":2092,"date":"2025-04-13T22:41:21","date_gmt":"2025-04-13T22:41:21","guid":{"rendered":"https:\/\/asport.com.ng\/?p=2092"},"modified":"2025-04-13T22:41:21","modified_gmt":"2025-04-13T22:41:21","slug":"liga-deportivo-alaves-real-madrid-kylian-mbappe-the-regular-of-frustration-expulsions","status":"publish","type":"post","link":"https:\/\/asport.com.ng\/?p=2092","title":{"rendered":"Liga | Deportivo Alav\u00e8s &#8211; Real Madrid | Kylian Mbapp\u00e9, the regular of frustration expulsions"},"content":{"rendered":"<p> [ad_1]<br \/>\n<\/p>\n<div data-testid=\"atom-body\">\n<p><h2 class=\"mb-3 mt-10 text-onLight-02 caps-s3-rs font-bold\" data-testid=\"atom-body-h2\">January 2018: Mbapp\u00e9 is justice himself<\/h2>\n<\/p>\n<div class=\"mt-3 first:mt-0 lg:mt-4\">\n<p>At the time, he said &#8220;<i data-testid=\"body-text-italic\">Hope it is the last<\/i>&#8220;. In January 2018, Kylian Mbapp\u00e9 received from the first red card of his career after a nasty sole on Isma\u00efla Sarr during a semi-final of the League Cup against Rennes (2-3). Leaving the field, the French striker then addresses the camera, considering having&#8221; taken the same thing &#8220;the previous week, complaining about a dangerous outing of Anthony Lopes sanctioned.<\/p>\n<\/div>\n<div class=\"mt-3 first:mt-0 lg:mt-4\">\n<p>&#8220;<i data-testid=\"body-text-italic\">We were not very good and, as we go along, we are more and more frustrated<\/i>, <i data-testid=\"body-text-italic\">less and less lucid and we make an unfortunate gesture<\/i>he justifies after the meeting. <i data-testid=\"body-text-italic\">It&#39;s not upon him<\/i> (Isma\u00efla Sarr, editor&#39;s note) <i data-testid=\"body-text-italic\">that I want I<\/i>. (\u2026) <i data-testid=\"body-text-italic\">But the fact that my injury in Lyon was not sanctioned, I still have it across the throat<\/i>. &#8220;The ex-star of Paris Saint-Germain finally receives two suspension matches.<\/p>\n<\/div>\n<p><h2 class=\"mb-3 mt-10 text-onLight-02 caps-s3-rs font-bold\" data-testid=\"atom-body-h2\">September 2018: Savannier is dripping Mbapp\u00e9<\/h2>\n<\/p>\n<div class=\"mt-3 first:mt-0 lg:mt-4\">\n<p>In N\u00eemes, Paris is doing, not without difficulty (2-4). At the end of the match, while receiving the ball in the midfield, Mbapp\u00e9 tries to gain speed T\u00e9ji Savanier. The ball passes, not him: the N\u00eemes commits a very nasty fault. Furious, the attacker gets up immediately and shakes up the midfielder under the eyes of the referee. The two men are expelled. <\/p>\n<\/div>\n<div class=\"mt-3 first:mt-0 lg:mt-4\">\n<p>&#8220;<i data-testid=\"body-text-italic\">If it is to do again, I will do it again<\/i>he insists afterwards. <i data-testid=\"body-text-italic\">And I will apologize to all the supporters and everyone, but I cannot tolerate this kind of gesture, it has nothing to do on a soccer field. The same fault where there is an intention to play the ball, there is no problem, but he had no intention of playing the ball, we all saw it. But now, it is not serious, I will defend myself before the commission<\/i>&#8220;She decides to inflict three suspension matches.<\/p>\n<\/div>\n<p><h2 class=\"mb-3 mt-10 text-onLight-02 caps-s3-rs font-bold\" data-testid=\"atom-body-h2\">April 2019: the incomprehensible sole<\/h2>\n<\/p>\n<div class=\"mt-3 first:mt-0 lg:mt-4\">\n<p>An expulsion in the league cup, another in Ligue 1 and &#8230; one last in the French Cup. In the final, this time. While Rennes and PSG fail to decide on at the end of the extension (2-2), Mbapp\u00e9 loses the ball &#8230; and its nerves. His big sole of the knee of Damien Silva earns him a direct red card and we can no longer logical. <\/p>\n<\/div>\n<div class=\"mt-3 first:mt-0 lg:mt-4\">\n<p>&#8220;<i data-testid=\"body-text-italic\">He had some muscle problems on Friday<\/i>tries to defend his coach then, Thomas Tuchel. <i data-testid=\"body-text-italic\">Maybe it was in his head. He is usually very reliable in matches like that. One has the impression that he lacked confidence, and that he did not feel free. The red card at the end, it is not him<\/i>. &#8220;He is again sentenced to three suspension matches.<\/p>\n<\/div>\n<p><h2 class=\"mb-3 mt-10 text-onLight-02 caps-s3-rs font-bold\" data-testid=\"atom-body-h2\">April 2025: the last cracking<\/h2>\n<\/p>\n<div class=\"mt-3 first:mt-0 lg:mt-4\">\n<div data-testid=\"atom-body-paragraph\" class=\"break-words text-onLight-02 article-s4-rs\">This time, Real leads to Alav\u00e8s but Mbapp\u00e9 saw a difficult first period. The French striker is heckled by the opposing defense, sometimes in the back of the referee. Pushed a few moments earlier by Abdel Abqar, he still decides to do justice himself. Late, the Madrid striker applies his &#8220;frustration rate&#8221; by sending his sole to the Antonio Blanco tibia. <\/div>\n<\/div>\n<div class=\"mt-3 first:mt-0 lg:mt-4\">\n<div data-testid=\"atom-body-paragraph\" class=\"break-words text-onLight-02 article-s4-rs\">It is first sanctioned with a warning, then of a logical red card after consulting the Var. In Spain, it could still be sanctioned from one to three suspension matches. He will therefore not miss the King&#39;s Cup final against Barcelona on April 26.<\/div>\n<\/div>\n<\/div>\n<p>[ad_2]<\/p>\n","protected":false},"excerpt":{"rendered":"<p>[ad_1] January 2018: Mbapp\u00e9 is justice himself At the time, he said &#8220;Hope it is the last&#8220;. In January 2018, Kylian Mbapp\u00e9 received from the first red card of his &hellip; <\/p>\n","protected":false},"author":6,"featured_media":2093,"comment_status":"open","ping_status":"open","sticky":false,"template":"","format":"standard","meta":{"_jetpack_memberships_contains_paid_content":false,"footnotes":""},"categories":[3],"tags":[],"class_list":["post-2092","post","type-post","status-publish","format-standard","has-post-thumbnail","hentry","category-football"],"yoast_head":"<!-- This site is optimized with the Yoast SEO plugin v27.4 - https:\/\/yoast.com\/product\/yoast-seo-wordpress\/ -->\n<title>Liga | Deportivo Alav\u00e8s - Real Madrid | Kylian Mbapp\u00e9, the regular of frustration expulsions - Asport<\/title>\n<meta name=\"robots\" content=\"index, follow, max-snippet:-1, max-image-preview:large, max-video-preview:-1\" \/>\n<link rel=\"canonical\" href=\"https:\/\/asport.com.ng\/?p=2092\" \/>\n<meta property=\"og:locale\" content=\"en_US\" \/>\n<meta property=\"og:type\" content=\"article\" \/>\n<meta property=\"og:title\" content=\"Liga | Deportivo Alav\u00e8s - Real Madrid | Kylian Mbapp\u00e9, the regular of frustration expulsions - Asport\" \/>\n<meta property=\"og:description\" content=\"[ad_1] January 2018: Mbapp\u00e9 is justice himself At the time, he said &#8220;Hope it is the last&#8220;. In January 2018, Kylian Mbapp\u00e9 received from the first red card of his &hellip;\" \/>\n<meta property=\"og:url\" content=\"https:\/\/asport.com.ng\/?p=2092\" \/>\n<meta property=\"og:site_name\" content=\"Asport\" \/>\n<meta property=\"article:published_time\" content=\"2025-04-13T22:41:21+00:00\" \/>\n<meta name=\"author\" content=\"Admin1\" \/>\n<meta name=\"twitter:card\" content=\"summary_large_image\" \/>\n<meta name=\"twitter:label1\" content=\"Written by\" \/>\n\t<meta name=\"twitter:data1\" content=\"Admin1\" \/>\n\t<meta name=\"twitter:label2\" content=\"Est. reading time\" \/>\n\t<meta name=\"twitter:data2\" content=\"3 minutes\" \/>\n<script type=\"application\/ld+json\" class=\"yoast-schema-graph\">{\"@context\":\"https:\\\/\\\/schema.org\",\"@graph\":[{\"@type\":\"Article\",\"@id\":\"https:\\\/\\\/asport.com.ng\\\/?p=2092#article\",\"isPartOf\":{\"@id\":\"https:\\\/\\\/asport.com.ng\\\/?p=2092\"},\"author\":{\"name\":\"Admin1\",\"@id\":\"https:\\\/\\\/asport.com.ng\\\/#\\\/schema\\\/person\\\/a63da2e56319023144668e6717055c09\"},\"headline\":\"Liga | Deportivo Alav\u00e8s &#8211; Real Madrid | Kylian Mbapp\u00e9, the regular of frustration expulsions\",\"datePublished\":\"2025-04-13T22:41:21+00:00\",\"mainEntityOfPage\":{\"@id\":\"https:\\\/\\\/asport.com.ng\\\/?p=2092\"},\"wordCount\":563,\"commentCount\":0,\"image\":{\"@id\":\"https:\\\/\\\/asport.com.ng\\\/?p=2092#primaryimage\"},\"thumbnailUrl\":\"\",\"articleSection\":[\"FOOTBALL\"],\"inLanguage\":\"en-US\",\"potentialAction\":[{\"@type\":\"CommentAction\",\"name\":\"Comment\",\"target\":[\"https:\\\/\\\/asport.com.ng\\\/?p=2092#respond\"]}]},{\"@type\":\"WebPage\",\"@id\":\"https:\\\/\\\/asport.com.ng\\\/?p=2092\",\"url\":\"https:\\\/\\\/asport.com.ng\\\/?p=2092\",\"name\":\"Liga | Deportivo Alav\u00e8s - Real Madrid | Kylian Mbapp\u00e9, the regular of frustration expulsions - Asport\",\"isPartOf\":{\"@id\":\"https:\\\/\\\/asport.com.ng\\\/#website\"},\"primaryImageOfPage\":{\"@id\":\"https:\\\/\\\/asport.com.ng\\\/?p=2092#primaryimage\"},\"image\":{\"@id\":\"https:\\\/\\\/asport.com.ng\\\/?p=2092#primaryimage\"},\"thumbnailUrl\":\"\",\"datePublished\":\"2025-04-13T22:41:21+00:00\",\"author\":{\"@id\":\"https:\\\/\\\/asport.com.ng\\\/#\\\/schema\\\/person\\\/a63da2e56319023144668e6717055c09\"},\"breadcrumb\":{\"@id\":\"https:\\\/\\\/asport.com.ng\\\/?p=2092#breadcrumb\"},\"inLanguage\":\"en-US\",\"potentialAction\":[{\"@type\":\"ReadAction\",\"target\":[\"https:\\\/\\\/asport.com.ng\\\/?p=2092\"]}]},{\"@type\":\"ImageObject\",\"inLanguage\":\"en-US\",\"@id\":\"https:\\\/\\\/asport.com.ng\\\/?p=2092#primaryimage\",\"url\":\"\",\"contentUrl\":\"\"},{\"@type\":\"BreadcrumbList\",\"@id\":\"https:\\\/\\\/asport.com.ng\\\/?p=2092#breadcrumb\",\"itemListElement\":[{\"@type\":\"ListItem\",\"position\":1,\"name\":\"Home\",\"item\":\"https:\\\/\\\/asport.com.ng\\\/\"},{\"@type\":\"ListItem\",\"position\":2,\"name\":\"Liga | Deportivo Alav\u00e8s &#8211; Real Madrid | Kylian Mbapp\u00e9, the regular of frustration expulsions\"}]},{\"@type\":\"WebSite\",\"@id\":\"https:\\\/\\\/asport.com.ng\\\/#website\",\"url\":\"https:\\\/\\\/asport.com.ng\\\/\",\"name\":\"Asport\",\"description\":\"Always for Sport\",\"potentialAction\":[{\"@type\":\"SearchAction\",\"target\":{\"@type\":\"EntryPoint\",\"urlTemplate\":\"https:\\\/\\\/asport.com.ng\\\/?s={search_term_string}\"},\"query-input\":{\"@type\":\"PropertyValueSpecification\",\"valueRequired\":true,\"valueName\":\"search_term_string\"}}],\"inLanguage\":\"en-US\"},{\"@type\":\"Person\",\"@id\":\"https:\\\/\\\/asport.com.ng\\\/#\\\/schema\\\/person\\\/a63da2e56319023144668e6717055c09\",\"name\":\"Admin1\",\"image\":{\"@type\":\"ImageObject\",\"inLanguage\":\"en-US\",\"@id\":\"https:\\\/\\\/secure.gravatar.com\\\/avatar\\\/d3f1a3acc2b5542dbfb9acb9f1c3f1ed07e528b7aa9bb345a0ba2eaa8c84ffb0?s=96&d=mm&r=g\",\"url\":\"https:\\\/\\\/secure.gravatar.com\\\/avatar\\\/d3f1a3acc2b5542dbfb9acb9f1c3f1ed07e528b7aa9bb345a0ba2eaa8c84ffb0?s=96&d=mm&r=g\",\"contentUrl\":\"https:\\\/\\\/secure.gravatar.com\\\/avatar\\\/d3f1a3acc2b5542dbfb9acb9f1c3f1ed07e528b7aa9bb345a0ba2eaa8c84ffb0?s=96&d=mm&r=g\",\"caption\":\"Admin1\"},\"url\":\"https:\\\/\\\/asport.com.ng\\\/?author=6\"}]}<\/script>\n<!-- \/ Yoast SEO plugin. -->","yoast_head_json":{"title":"Liga | Deportivo Alav\u00e8s - Real Madrid | Kylian Mbapp\u00e9, the regular of frustration expulsions - Asport","robots":{"index":"index","follow":"follow","max-snippet":"max-snippet:-1","max-image-preview":"max-image-preview:large","max-video-preview":"max-video-preview:-1"},"canonical":"https:\/\/asport.com.ng\/?p=2092","og_locale":"en_US","og_type":"article","og_title":"Liga | Deportivo Alav\u00e8s - Real Madrid | Kylian Mbapp\u00e9, the regular of frustration expulsions - Asport","og_description":"[ad_1] January 2018: Mbapp\u00e9 is justice himself At the time, he said &#8220;Hope it is the last&#8220;. In January 2018, Kylian Mbapp\u00e9 received from the first red card of his &hellip;","og_url":"https:\/\/asport.com.ng\/?p=2092","og_site_name":"Asport","article_published_time":"2025-04-13T22:41:21+00:00","author":"Admin1","twitter_card":"summary_large_image","twitter_misc":{"Written by":"Admin1","Est. reading time":"3 minutes"},"schema":{"@context":"https:\/\/schema.org","@graph":[{"@type":"Article","@id":"https:\/\/asport.com.ng\/?p=2092#article","isPartOf":{"@id":"https:\/\/asport.com.ng\/?p=2092"},"author":{"name":"Admin1","@id":"https:\/\/asport.com.ng\/#\/schema\/person\/a63da2e56319023144668e6717055c09"},"headline":"Liga | Deportivo Alav\u00e8s &#8211; Real Madrid | Kylian Mbapp\u00e9, the regular of frustration expulsions","datePublished":"2025-04-13T22:41:21+00:00","mainEntityOfPage":{"@id":"https:\/\/asport.com.ng\/?p=2092"},"wordCount":563,"commentCount":0,"image":{"@id":"https:\/\/asport.com.ng\/?p=2092#primaryimage"},"thumbnailUrl":"","articleSection":["FOOTBALL"],"inLanguage":"en-US","potentialAction":[{"@type":"CommentAction","name":"Comment","target":["https:\/\/asport.com.ng\/?p=2092#respond"]}]},{"@type":"WebPage","@id":"https:\/\/asport.com.ng\/?p=2092","url":"https:\/\/asport.com.ng\/?p=2092","name":"Liga | Deportivo Alav\u00e8s - Real Madrid | Kylian Mbapp\u00e9, the regular of frustration expulsions - Asport","isPartOf":{"@id":"https:\/\/asport.com.ng\/#website"},"primaryImageOfPage":{"@id":"https:\/\/asport.com.ng\/?p=2092#primaryimage"},"image":{"@id":"https:\/\/asport.com.ng\/?p=2092#primaryimage"},"thumbnailUrl":"","datePublished":"2025-04-13T22:41:21+00:00","author":{"@id":"https:\/\/asport.com.ng\/#\/schema\/person\/a63da2e56319023144668e6717055c09"},"breadcrumb":{"@id":"https:\/\/asport.com.ng\/?p=2092#breadcrumb"},"inLanguage":"en-US","potentialAction":[{"@type":"ReadAction","target":["https:\/\/asport.com.ng\/?p=2092"]}]},{"@type":"ImageObject","inLanguage":"en-US","@id":"https:\/\/asport.com.ng\/?p=2092#primaryimage","url":"","contentUrl":""},{"@type":"BreadcrumbList","@id":"https:\/\/asport.com.ng\/?p=2092#breadcrumb","itemListElement":[{"@type":"ListItem","position":1,"name":"Home","item":"https:\/\/asport.com.ng\/"},{"@type":"ListItem","position":2,"name":"Liga | Deportivo Alav\u00e8s &#8211; Real Madrid | Kylian Mbapp\u00e9, the regular of frustration expulsions"}]},{"@type":"WebSite","@id":"https:\/\/asport.com.ng\/#website","url":"https:\/\/asport.com.ng\/","name":"Asport","description":"Always for Sport","potentialAction":[{"@type":"SearchAction","target":{"@type":"EntryPoint","urlTemplate":"https:\/\/asport.com.ng\/?s={search_term_string}"},"query-input":{"@type":"PropertyValueSpecification","valueRequired":true,"valueName":"search_term_string"}}],"inLanguage":"en-US"},{"@type":"Person","@id":"https:\/\/asport.com.ng\/#\/schema\/person\/a63da2e56319023144668e6717055c09","name":"Admin1","image":{"@type":"ImageObject","inLanguage":"en-US","@id":"https:\/\/secure.gravatar.com\/avatar\/d3f1a3acc2b5542dbfb9acb9f1c3f1ed07e528b7aa9bb345a0ba2eaa8c84ffb0?s=96&d=mm&r=g","url":"https:\/\/secure.gravatar.com\/avatar\/d3f1a3acc2b5542dbfb9acb9f1c3f1ed07e528b7aa9bb345a0ba2eaa8c84ffb0?s=96&d=mm&r=g","contentUrl":"https:\/\/secure.gravatar.com\/avatar\/d3f1a3acc2b5542dbfb9acb9f1c3f1ed07e528b7aa9bb345a0ba2eaa8c84ffb0?s=96&d=mm&r=g","caption":"Admin1"},"url":"https:\/\/asport.com.ng\/?author=6"}]}},"jetpack_featured_media_url":"","jetpack_sharing_enabled":true,"_links":{"self":[{"href":"https:\/\/asport.com.ng\/index.php?rest_route=\/wp\/v2\/posts\/2092","targetHints":{"allow":["GET"]}}],"collection":[{"href":"https:\/\/asport.com.ng\/index.php?rest_route=\/wp\/v2\/posts"}],"about":[{"href":"https:\/\/asport.com.ng\/index.php?rest_route=\/wp\/v2\/types\/post"}],"author":[{"embeddable":true,"href":"https:\/\/asport.com.ng\/index.php?rest_route=\/wp\/v2\/users\/6"}],"replies":[{"embeddable":true,"href":"https:\/\/asport.com.ng\/index.php?rest_route=%2Fwp%2Fv2%2Fcomments&post=2092"}],"version-history":[{"count":0,"href":"https:\/\/asport.com.ng\/index.php?rest_route=\/wp\/v2\/posts\/2092\/revisions"}],"wp:featuredmedia":[{"embeddable":true,"href":"https:\/\/asport.com.ng\/index.php?rest_route=\/"}],"wp:attachment":[{"href":"https:\/\/asport.com.ng\/index.php?rest_route=%2Fwp%2Fv2%2Fmedia&parent=2092"}],"wp:term":[{"taxonomy":"category","embeddable":true,"href":"https:\/\/asport.com.ng\/index.php?rest_route=%2Fwp%2Fv2%2Fcategories&post=2092"},{"taxonomy":"post_tag","embeddable":true,"href":"https:\/\/asport.com.ng\/index.php?rest_route=%2Fwp%2Fv2%2Ftags&post=2092"}],"curies":[{"name":"wp","href":"https:\/\/api.w.org\/{rel}","templated":true}]}}