{"id":2466,"date":"2025-04-15T15:45:29","date_gmt":"2025-04-15T15:45:29","guid":{"rendered":"https:\/\/asport.com.ng\/?p=2466"},"modified":"2025-04-15T15:45:29","modified_gmt":"2025-04-15T15:45:29","slug":"om-monaco-ol-the-calendar-of-suitors-in-the-champions-league","status":"publish","type":"post","link":"https:\/\/asport.com.ng\/?p=2466","title":{"rendered":"OM, Monaco, Ol &#8230; The Calendar of suitors in the Champions League"},"content":{"rendered":"<p> [ad_1]<br \/>\n<\/p>\n<div><head><meta charset=\"UTF-8\"\/><title>Ligue 1: OM, Monaco, OL &#8230; The calendar of contenders for the Champions League<\/title><link rel=\"icon\" href=\"https:\/\/rmcsport.bfmtv.com\/favicon.ico\"\/><link rel=\"icon\" type=\"image\/png\" href=\"https:\/\/rmcsport.bfmtv.com\/favicon.png\"\/><link rel=\"icon\" type=\"image\/png\" sizes=\"192x192\" href=\"https:\/\/rmcsport.bfmtv.com\/android-icon-192x192.png\"\/><link rel=\"apple-touch-icon-precomposed\" sizes=\"76x76\" href=\"https:\/\/rmcsport.bfmtv.com\/apple-icon-76x76.png\"\/><link rel=\"apple-touch-icon-precomposed\" sizes=\"120x120\" href=\"https:\/\/rmcsport.bfmtv.com\/apple-icon-120x120.png\"\/><link rel=\"apple-touch-icon-precomposed\" sizes=\"152x152\" href=\"https:\/\/rmcsport.bfmtv.com\/apple-icon-152x152.png\"\/><link rel=\"apple-touch-icon-precomposed\" sizes=\"180x180\" href=\"https:\/\/rmcsport.bfmtv.com\/apple-icon-180x180.png\"\/><link rel=\"apple-touch-icon-precomposed\" sizes=\"228x228\" href=\"https:\/\/rmcsport.bfmtv.com\/apple-icon-228x228.png\"\/><meta name=\"description\" content=\"VIDEO - Monaco a repris la place de dauphin en \u00e9trillant l'OM (3-0) \u00e0 Louis II. Une d\u00e9faite et une fragilit\u00e9 qui tombent bien mal dans ce sprint final. Parce que Lyon vainqueur d'Auxerre est revenu \u00e0 un point des Phoc\u00e9ens. Strasbourg et Lille sont en embuscade. Cette lutte pour la Ligue des champions sera sans doute totalement ind\u00e9cise jusqu'au bout. D\u00e9couvrez les calendriers des pr\u00e9tendants \u00e0 la comp\u00e9tition europ\u00e9enne de Monaco 2e \u00e0 Nice 7e. \"\/><link rel=\"canonical\" href=\"https:\/\/rmcsport.bfmtv.com\/football\/ligue-1\/ligue-1-om-monaco-ol-le-calendrier-des-pretendants-a-la-ligue-des-champions_VN-202504140296.html\"\/><meta name=\"robots\" content=\"index, follow, noarchive, max-snippet:-1, max-image-preview:large, max-video-preview:10\"\/><meta name=\"viewport\" content=\"width=device-width,initial-scale=1\"\/><link rel=\"preload\" href=\"https:\/\/rmcsport.bfmtv.com\/assets\/v8\/fonts\/DiamanteSerial-Medium.1f3f047e3caca7d33e8d2ede0bec0c75.woff2\" crossorigin=\"anonymous\" as=\"font\" type=\"font\/woff2\"\/><link rel=\"preload\" href=\"https:\/\/rmcsport.bfmtv.com\/assets\/v8\/fonts\/DiamanteSerial-Bold.484d4f6aaa3b796287b7898e63e6cf1c.woff2\" crossorigin=\"anonymous\" as=\"font\" type=\"font\/woff2\"\/><link rel=\"preload\" href=\"https:\/\/rmcsport.bfmtv.com\/assets\/v8\/fonts\/ArchivoNarrow-SemiBold.36c9c6b27bf721b51fdc403d729910b9.woff2\" crossorigin=\"anonymous\" as=\"font\" type=\"font\/woff2\"\/><link rel=\"stylesheet\" href=\"https:\/\/rmcsport.bfmtv.com\/assets\/v8\/css\/global.4d2af6a72702f671c7dc.css\"\/><link rel=\"stylesheet\" href=\"https:\/\/rmcsport.bfmtv.com\/assets\/v8\/css\/smartadserver.94de06b6f61a1cb8f3f6.css\"\/><link rel=\"stylesheet\" href=\"https:\/\/rmcsport.bfmtv.com\/assets\/v8\/css\/video.f7eb5110cbc5ab0de65c.css\"\/><noscript><link rel=\"stylesheet\" href=\"https:\/\/rmcsport.bfmtv.com\/assets\/v8\/css\/no_script.92084310764ea3b77b44.css\"\/><\/noscript><meta property=\"og:site_name\" content=\"RMC Sport\"\/><meta property=\"og:locale\" content=\"fr_FR\"\/><meta property=\"fb:app_id\" content=\"490406875219182\"\/><meta property=\"fb:pages\" content=\"114880941889932\"\/><meta property=\"fb:pages\" content=\"116615495710699\"\/><meta property=\"fb:pages\" content=\"443782185986987\"\/><meta property=\"fb:pages\" content=\"384738301607338\"\/><meta property=\"fb:pages\" content=\"263983707533681\"\/><meta property=\"fb:pages\" content=\"111611498853031\"\/><meta property=\"fb:pages\" content=\"1097986846959406\"\/><meta property=\"fb:pages\" content=\"874043412667840\"\/><meta property=\"fb:pages\" content=\"886247048130648\"\/><meta property=\"fb:pages\" content=\"43896752783\"\/><meta property=\"fb:pages\" content=\"298338800285256\"\/><meta property=\"fb:pages\" content=\"141447529235003\"\/><meta property=\"fb:pages\" content=\"539674919756797\"\/><meta property=\"fb:pages\" content=\"8384653093\"\/><meta property=\"fb:pages\" content=\"43896752783\"\/><meta property=\"fb:pages\" content=\"661606280851357\"\/><meta property=\"fb:pages\" content=\"220487698770666\"\/><meta property=\"fb:pages\" content=\"181484392496020\"\/><meta property=\"fb:pages\" content=\"149720398400279\"\/><meta property=\"fb:pages\" content=\"366964557189705\"\/><meta property=\"fb:pages\" content=\"296734273808293\"\/><meta property=\"fb:pages\" content=\"1460664010617764\"\/><meta property=\"fb:pages\" content=\"101328520006729\"\/><meta property=\"fb:pages\" content=\"136162090180795\"\/><meta property=\"fb:pages\" content=\"432735060120753\"\/><meta property=\"og:url\" content=\"https:\/\/rmcsport.bfmtv.com\/football\/ligue-1\/ligue-1-om-monaco-ol-le-calendrier-des-pretendants-a-la-ligue-des-champions_VN-202504140296.html\"\/><meta property=\"og:type\" content=\"video.other\"\/><meta property=\"og:title\" content=\"Ligue 1 : OM, Monaco, OL... le calendrier des pr\u00e9tendants \u00e0 la Ligue des champions\"\/><meta property=\"og:description\" content=\"VIDEO - Monaco a repris la place de dauphin en \u00e9trillant l'OM (3-0) \u00e0 Louis II. Une d\u00e9faite et une fragilit\u00e9 qui tombent bien mal dans ce sprint final. Parce que Lyon vainqueur d'Auxerre est revenu \u00e0 un point des Phoc\u00e9ens. Strasbourg et Lille sont en embuscade. Cette lutte pour la Ligue des champions sera sans doute totalement ind\u00e9cise jusqu'au bout. D\u00e9couvrez les calendriers des pr\u00e9tendants \u00e0 la comp\u00e9tition europ\u00e9enne de Monaco 2e \u00e0 Nice 7e. \"\/><meta property=\"og:image\" content=\"https:\/\/images.bfmtv.com\/obijRfawvKlyQhT7BSwqB3iS96o=\/0x0:1280x720\/images\/Ligue-1-OM-Monaco-OL-le-calendrier-des-pretendants-a-la-Ligue-des-champions-2065862.jpg\"\/><meta property=\"og:image:type\" content=\"image\/jpeg\"\/><meta property=\"og:image:height\" content=\"720\"\/><meta property=\"og:image:width\" content=\"1280\"\/><meta name=\"twitter:card\" content=\"summary_large_image\"\/><meta name=\"twitter:site\" content=\"@RMCSport\"\/><meta name=\"twitter:creator\" content=\"@RMCSport\"\/><meta name=\"apple-itunes-app\" content=\"app-id=1101673517\"\/><\/head><body class=\"rmcsport\" id=\"wp_automatic_ReadabilityBody\"><\/p>\n<header class=\"main_header nojs\" id=\"main_header\">\n<nav role=\"navigation\" class=\"nav_primary\" aria-label=\"Main\"\/><\/header>\n<p><main class=\"main_wrapper video_wrapper\" id=\"main_wrapper\"><\/p>\n<div class=\"grid_wrapper\">\n<div class=\"grid_column grid_column_abc\">\n<section class=\"block_video_section\">\n<h2 class=\"section_title\">On the same subject<\/h2>\n<div class=\"last_videos_wrapper\">\n<article class=\"last_videos_item\">\n<figure class=\"meme_sujet_picture\"><picture class=\"last_videos_item_cover with-js\"><source media=\"(min-width: 441px)\" width=\"16\" height=\"9\" class=\"lozad\" srcset=\"https:\/\/images.bfmtv.com\/X5kKToHedbis3XynSwaaBB3mf8c=\/0x0:1280x720\/283x0\/images\/OM-Le-costume-de-president-trop-grand-pour-Longoria-Di-Meco-s-interroge-2066658.webp, https:\/\/images.bfmtv.com\/ZeIY1IR9XViRSc-c1gsSkyjpJnY=\/0x0:1280x720\/566x0\/images\/OM-Le-costume-de-president-trop-grand-pour-Longoria-Di-Meco-s-interroge-2066658.webp 2x\" type=\"image\/webp\"><source media=\"(min-width: 441px)\" width=\"16\" height=\"9\" class=\"lozad\" srcset=\"https:\/\/images.bfmtv.com\/xg4fOY_NLU3etuKPw4ICrNzlSrE=\/0x0:1280x720\/283x0\/images\/OM-Le-costume-de-president-trop-grand-pour-Longoria-Di-Meco-s-interroge-2066658.jpg, https:\/\/images.bfmtv.com\/4SyFB5jjaTPs63zUmM9lOUY8Aww=\/0x0:1280x720\/566x0\/images\/OM-Le-costume-de-president-trop-grand-pour-Longoria-Di-Meco-s-interroge-2066658.jpg 2x\" type=\"image\/jpeg\"><source media=\"(min-width: 361px)\" width=\"16\" height=\"9\" class=\"lozad\" srcset=\"https:\/\/images.bfmtv.com\/pFV8oye9idTMq23BU_mY_m6nPYg=\/0x0:1280x720\/125x0\/images\/OM-Le-costume-de-president-trop-grand-pour-Longoria-Di-Meco-s-interroge-2066658.webp, https:\/\/images.bfmtv.com\/Qqwm5dFqcFTrb81xKs5jgM6DtfM=\/0x0:1280x720\/250x0\/images\/OM-Le-costume-de-president-trop-grand-pour-Longoria-Di-Meco-s-interroge-2066658.webp 2x\" type=\"image\/webp\"><source media=\"(min-width: 361px)\" width=\"16\" height=\"9\" class=\"lozad\" srcset=\"https:\/\/images.bfmtv.com\/2J0S5KYUwri2M7kdtRAwB8rEV0I=\/0x0:1280x720\/125x0\/images\/OM-Le-costume-de-president-trop-grand-pour-Longoria-Di-Meco-s-interroge-2066658.jpg, https:\/\/images.bfmtv.com\/mR7oaZbnoTvSONrgsinBUIYo510=\/0x0:1280x720\/250x0\/images\/OM-Le-costume-de-president-trop-grand-pour-Longoria-Di-Meco-s-interroge-2066658.jpg 2x\" type=\"image\/jpeg\"><source media=\"(min-width: 321px)\" width=\"16\" height=\"9\" class=\"lozad\" srcset=\"https:\/\/images.bfmtv.com\/pFV8oye9idTMq23BU_mY_m6nPYg=\/0x0:1280x720\/125x0\/images\/OM-Le-costume-de-president-trop-grand-pour-Longoria-Di-Meco-s-interroge-2066658.webp, https:\/\/images.bfmtv.com\/Qqwm5dFqcFTrb81xKs5jgM6DtfM=\/0x0:1280x720\/250x0\/images\/OM-Le-costume-de-president-trop-grand-pour-Longoria-Di-Meco-s-interroge-2066658.webp 2x\" type=\"image\/webp\"><source media=\"(min-width: 321px)\" width=\"16\" height=\"9\" class=\"lozad\" srcset=\"https:\/\/images.bfmtv.com\/2J0S5KYUwri2M7kdtRAwB8rEV0I=\/0x0:1280x720\/125x0\/images\/OM-Le-costume-de-president-trop-grand-pour-Longoria-Di-Meco-s-interroge-2066658.jpg, https:\/\/images.bfmtv.com\/mR7oaZbnoTvSONrgsinBUIYo510=\/0x0:1280x720\/250x0\/images\/OM-Le-costume-de-president-trop-grand-pour-Longoria-Di-Meco-s-interroge-2066658.jpg 2x\" type=\"image\/jpeg\"><source media=\"(min-width: 300px)\" width=\"16\" height=\"9\" class=\"lozad\" srcset=\"https:\/\/images.bfmtv.com\/pFV8oye9idTMq23BU_mY_m6nPYg=\/0x0:1280x720\/125x0\/images\/OM-Le-costume-de-president-trop-grand-pour-Longoria-Di-Meco-s-interroge-2066658.webp, https:\/\/images.bfmtv.com\/Qqwm5dFqcFTrb81xKs5jgM6DtfM=\/0x0:1280x720\/250x0\/images\/OM-Le-costume-de-president-trop-grand-pour-Longoria-Di-Meco-s-interroge-2066658.webp 2x\" type=\"image\/webp\"><source media=\"(min-width: 300px)\" width=\"16\" height=\"9\" class=\"lozad\" srcset=\"https:\/\/images.bfmtv.com\/2J0S5KYUwri2M7kdtRAwB8rEV0I=\/0x0:1280x720\/125x0\/images\/OM-Le-costume-de-president-trop-grand-pour-Longoria-Di-Meco-s-interroge-2066658.jpg, https:\/\/images.bfmtv.com\/mR7oaZbnoTvSONrgsinBUIYo510=\/0x0:1280x720\/250x0\/images\/OM-Le-costume-de-president-trop-grand-pour-Longoria-Di-Meco-s-interroge-2066658.jpg 2x\" type=\"image\/jpeg\"><img class=\"lozad\" srcset=\"https:\/\/images.bfmtv.com\/xg4fOY_NLU3etuKPw4ICrNzlSrE=\/0x0:1280x720\/283x0\/images\/OM-Le-costume-de-president-trop-grand-pour-Longoria-Di-Meco-s-interroge-2066658.jpg 1x, https:\/\/images.bfmtv.com\/4SyFB5jjaTPs63zUmM9lOUY8Aww=\/0x0:1280x720\/566x0\/images\/OM-Le-costume-de-president-trop-grand-pour-Longoria-Di-Meco-s-interroge-2066658.jpg 2x\" width=\"16\" height=\"9\" alt=\"OM: President&#39;s costume too big for Longoria? Di Meco wonders\"\/><\/source><\/source><\/source><\/source><\/source><\/source><\/source><\/source><\/picture><figcaption><span class=\"video_time_zone\">3:23<\/span><\/figcaption><\/figure>\n<h3 class=\"last_videos_item_title\">OM: President&#39;s costume too big for Longoria? Di Meco wonders<\/h3>\n<\/article>\n<article class=\"last_videos_item\">\n<figure class=\"meme_sujet_picture\"><picture class=\"last_videos_item_cover with-js\"><source media=\"(min-width: 441px)\" width=\"16\" height=\"9\" class=\"lozad\" srcset=\"https:\/\/images.bfmtv.com\/2r8ducSu7842qFKQlhoPVZIM1JE=\/0x0:1280x720\/283x0\/images\/OM-Derriere-mauvais-devant-inefficace-De-Zerbi-a-t-il-encore-son-groupe-2066506.webp, https:\/\/images.bfmtv.com\/wVy5vK3nZdIirwrIUkQh-prmvD0=\/0x0:1280x720\/566x0\/images\/OM-Derriere-mauvais-devant-inefficace-De-Zerbi-a-t-il-encore-son-groupe-2066506.webp 2x\" type=\"image\/webp\"><source media=\"(min-width: 441px)\" width=\"16\" height=\"9\" class=\"lozad\" srcset=\"https:\/\/images.bfmtv.com\/fwNUs3S42ZEviC3JLhHaXE22k8Q=\/0x0:1280x720\/283x0\/images\/OM-Derriere-mauvais-devant-inefficace-De-Zerbi-a-t-il-encore-son-groupe-2066506.jpg, https:\/\/images.bfmtv.com\/s3PHUwcsBDGq4_OM5eio6UF2FME=\/0x0:1280x720\/566x0\/images\/OM-Derriere-mauvais-devant-inefficace-De-Zerbi-a-t-il-encore-son-groupe-2066506.jpg 2x\" type=\"image\/jpeg\"><source media=\"(min-width: 361px)\" width=\"16\" height=\"9\" class=\"lozad\" srcset=\"https:\/\/images.bfmtv.com\/I-9kXt3kTKei0KLtxClNgj_Rtu4=\/0x0:1280x720\/125x0\/images\/OM-Derriere-mauvais-devant-inefficace-De-Zerbi-a-t-il-encore-son-groupe-2066506.webp, https:\/\/images.bfmtv.com\/Ncmef0JYY5icrKyVoAy-UaB_Mpg=\/0x0:1280x720\/250x0\/images\/OM-Derriere-mauvais-devant-inefficace-De-Zerbi-a-t-il-encore-son-groupe-2066506.webp 2x\" type=\"image\/webp\"><source media=\"(min-width: 361px)\" width=\"16\" height=\"9\" class=\"lozad\" srcset=\"https:\/\/images.bfmtv.com\/OwRtZaqMpOpE45TGdofVfESE4m0=\/0x0:1280x720\/125x0\/images\/OM-Derriere-mauvais-devant-inefficace-De-Zerbi-a-t-il-encore-son-groupe-2066506.jpg, https:\/\/images.bfmtv.com\/F2KTZXTXyPNB6lvDokeFeNe6eFU=\/0x0:1280x720\/250x0\/images\/OM-Derriere-mauvais-devant-inefficace-De-Zerbi-a-t-il-encore-son-groupe-2066506.jpg 2x\" type=\"image\/jpeg\"><source media=\"(min-width: 321px)\" width=\"16\" height=\"9\" class=\"lozad\" srcset=\"https:\/\/images.bfmtv.com\/I-9kXt3kTKei0KLtxClNgj_Rtu4=\/0x0:1280x720\/125x0\/images\/OM-Derriere-mauvais-devant-inefficace-De-Zerbi-a-t-il-encore-son-groupe-2066506.webp, https:\/\/images.bfmtv.com\/Ncmef0JYY5icrKyVoAy-UaB_Mpg=\/0x0:1280x720\/250x0\/images\/OM-Derriere-mauvais-devant-inefficace-De-Zerbi-a-t-il-encore-son-groupe-2066506.webp 2x\" type=\"image\/webp\"><source media=\"(min-width: 321px)\" width=\"16\" height=\"9\" class=\"lozad\" srcset=\"https:\/\/images.bfmtv.com\/OwRtZaqMpOpE45TGdofVfESE4m0=\/0x0:1280x720\/125x0\/images\/OM-Derriere-mauvais-devant-inefficace-De-Zerbi-a-t-il-encore-son-groupe-2066506.jpg, https:\/\/images.bfmtv.com\/F2KTZXTXyPNB6lvDokeFeNe6eFU=\/0x0:1280x720\/250x0\/images\/OM-Derriere-mauvais-devant-inefficace-De-Zerbi-a-t-il-encore-son-groupe-2066506.jpg 2x\" type=\"image\/jpeg\"><source media=\"(min-width: 300px)\" width=\"16\" height=\"9\" class=\"lozad\" srcset=\"https:\/\/images.bfmtv.com\/I-9kXt3kTKei0KLtxClNgj_Rtu4=\/0x0:1280x720\/125x0\/images\/OM-Derriere-mauvais-devant-inefficace-De-Zerbi-a-t-il-encore-son-groupe-2066506.webp, https:\/\/images.bfmtv.com\/Ncmef0JYY5icrKyVoAy-UaB_Mpg=\/0x0:1280x720\/250x0\/images\/OM-Derriere-mauvais-devant-inefficace-De-Zerbi-a-t-il-encore-son-groupe-2066506.webp 2x\" type=\"image\/webp\"><source media=\"(min-width: 300px)\" width=\"16\" height=\"9\" class=\"lozad\" srcset=\"https:\/\/images.bfmtv.com\/OwRtZaqMpOpE45TGdofVfESE4m0=\/0x0:1280x720\/125x0\/images\/OM-Derriere-mauvais-devant-inefficace-De-Zerbi-a-t-il-encore-son-groupe-2066506.jpg, https:\/\/images.bfmtv.com\/F2KTZXTXyPNB6lvDokeFeNe6eFU=\/0x0:1280x720\/250x0\/images\/OM-Derriere-mauvais-devant-inefficace-De-Zerbi-a-t-il-encore-son-groupe-2066506.jpg 2x\" type=\"image\/jpeg\"><img class=\"lozad\" srcset=\"https:\/\/images.bfmtv.com\/fwNUs3S42ZEviC3JLhHaXE22k8Q=\/0x0:1280x720\/283x0\/images\/OM-Derriere-mauvais-devant-inefficace-De-Zerbi-a-t-il-encore-son-groupe-2066506.jpg 1x, https:\/\/images.bfmtv.com\/s3PHUwcsBDGq4_OM5eio6UF2FME=\/0x0:1280x720\/566x0\/images\/OM-Derriere-mauvais-devant-inefficace-De-Zerbi-a-t-il-encore-son-groupe-2066506.jpg 2x\" width=\"16\" height=\"9\" alt=\"OM: bad behind, ineffective in front, does Zerbi still have his group?\"\/><\/source><\/source><\/source><\/source><\/source><\/source><\/source><\/source><\/picture><figcaption><span class=\"video_time_zone\">1:08<\/span><\/figcaption><\/figure>\n<h3 class=\"last_videos_item_title\">OM: bad behind, ineffective in front, does Zerbi still have his group?<\/h3>\n<\/article>\n<article class=\"last_videos_item\">\n<figure class=\"meme_sujet_picture\"><picture class=\"last_videos_item_cover with-js\"><source media=\"(min-width: 441px)\" width=\"16\" height=\"9\" class=\"lozad\" srcset=\"https:\/\/images.bfmtv.com\/mvqxP53PSz92HViLPpPm5plJ5mI=\/0x0:1280x720\/283x0\/images\/OL-Reussite-totale-Rothen-valide-le-remplacement-de-Sage-pour-Fonseca-2066167.webp, https:\/\/images.bfmtv.com\/xLMiDdpa2p0zU9ELL2P71GcIsHg=\/0x0:1280x720\/566x0\/images\/OL-Reussite-totale-Rothen-valide-le-remplacement-de-Sage-pour-Fonseca-2066167.webp 2x\" type=\"image\/webp\"><source media=\"(min-width: 441px)\" width=\"16\" height=\"9\" class=\"lozad\" srcset=\"https:\/\/images.bfmtv.com\/9v7hj6goIk84sakpNkqEPXNETjs=\/0x0:1280x720\/283x0\/images\/OL-Reussite-totale-Rothen-valide-le-remplacement-de-Sage-pour-Fonseca-2066167.jpg, https:\/\/images.bfmtv.com\/OMXBrF9U1E95oWBhXtxF0DBEtL0=\/0x0:1280x720\/566x0\/images\/OL-Reussite-totale-Rothen-valide-le-remplacement-de-Sage-pour-Fonseca-2066167.jpg 2x\" type=\"image\/jpeg\"><source media=\"(min-width: 361px)\" width=\"16\" height=\"9\" class=\"lozad\" srcset=\"https:\/\/images.bfmtv.com\/Yby8sVgPg7aj_d73LXIxTZQ41Zo=\/0x0:1280x720\/125x0\/images\/OL-Reussite-totale-Rothen-valide-le-remplacement-de-Sage-pour-Fonseca-2066167.webp, https:\/\/images.bfmtv.com\/MWHyVH2EUft2bIzEcXH-7RDZx5Q=\/0x0:1280x720\/250x0\/images\/OL-Reussite-totale-Rothen-valide-le-remplacement-de-Sage-pour-Fonseca-2066167.webp 2x\" type=\"image\/webp\"><source media=\"(min-width: 361px)\" width=\"16\" height=\"9\" class=\"lozad\" srcset=\"https:\/\/images.bfmtv.com\/wWGK8ahsqvzJO9qjrrnQdsP3um8=\/0x0:1280x720\/125x0\/images\/OL-Reussite-totale-Rothen-valide-le-remplacement-de-Sage-pour-Fonseca-2066167.jpg, https:\/\/images.bfmtv.com\/lhaFNUy1hBGm8Kgfs2-IvtkwQXA=\/0x0:1280x720\/250x0\/images\/OL-Reussite-totale-Rothen-valide-le-remplacement-de-Sage-pour-Fonseca-2066167.jpg 2x\" type=\"image\/jpeg\"><source media=\"(min-width: 321px)\" width=\"16\" height=\"9\" class=\"lozad\" srcset=\"https:\/\/images.bfmtv.com\/Yby8sVgPg7aj_d73LXIxTZQ41Zo=\/0x0:1280x720\/125x0\/images\/OL-Reussite-totale-Rothen-valide-le-remplacement-de-Sage-pour-Fonseca-2066167.webp, https:\/\/images.bfmtv.com\/MWHyVH2EUft2bIzEcXH-7RDZx5Q=\/0x0:1280x720\/250x0\/images\/OL-Reussite-totale-Rothen-valide-le-remplacement-de-Sage-pour-Fonseca-2066167.webp 2x\" type=\"image\/webp\"><source media=\"(min-width: 321px)\" width=\"16\" height=\"9\" class=\"lozad\" srcset=\"https:\/\/images.bfmtv.com\/wWGK8ahsqvzJO9qjrrnQdsP3um8=\/0x0:1280x720\/125x0\/images\/OL-Reussite-totale-Rothen-valide-le-remplacement-de-Sage-pour-Fonseca-2066167.jpg, https:\/\/images.bfmtv.com\/lhaFNUy1hBGm8Kgfs2-IvtkwQXA=\/0x0:1280x720\/250x0\/images\/OL-Reussite-totale-Rothen-valide-le-remplacement-de-Sage-pour-Fonseca-2066167.jpg 2x\" type=\"image\/jpeg\"><source media=\"(min-width: 300px)\" width=\"16\" height=\"9\" class=\"lozad\" srcset=\"https:\/\/images.bfmtv.com\/Yby8sVgPg7aj_d73LXIxTZQ41Zo=\/0x0:1280x720\/125x0\/images\/OL-Reussite-totale-Rothen-valide-le-remplacement-de-Sage-pour-Fonseca-2066167.webp, https:\/\/images.bfmtv.com\/MWHyVH2EUft2bIzEcXH-7RDZx5Q=\/0x0:1280x720\/250x0\/images\/OL-Reussite-totale-Rothen-valide-le-remplacement-de-Sage-pour-Fonseca-2066167.webp 2x\" type=\"image\/webp\"><source media=\"(min-width: 300px)\" width=\"16\" height=\"9\" class=\"lozad\" srcset=\"https:\/\/images.bfmtv.com\/wWGK8ahsqvzJO9qjrrnQdsP3um8=\/0x0:1280x720\/125x0\/images\/OL-Reussite-totale-Rothen-valide-le-remplacement-de-Sage-pour-Fonseca-2066167.jpg, https:\/\/images.bfmtv.com\/lhaFNUy1hBGm8Kgfs2-IvtkwQXA=\/0x0:1280x720\/250x0\/images\/OL-Reussite-totale-Rothen-valide-le-remplacement-de-Sage-pour-Fonseca-2066167.jpg 2x\" type=\"image\/jpeg\"><img class=\"lozad\" srcset=\"https:\/\/images.bfmtv.com\/9v7hj6goIk84sakpNkqEPXNETjs=\/0x0:1280x720\/283x0\/images\/OL-Reussite-totale-Rothen-valide-le-remplacement-de-Sage-pour-Fonseca-2066167.jpg 1x, https:\/\/images.bfmtv.com\/OMXBrF9U1E95oWBhXtxF0DBEtL0=\/0x0:1280x720\/566x0\/images\/OL-Reussite-totale-Rothen-valide-le-remplacement-de-Sage-pour-Fonseca-2066167.jpg 2x\" width=\"16\" height=\"9\" alt=\"OL : &quot;Total success&quot;Rothen validates the replacement of Sage for Fonseca \"\/><\/source><\/source><\/source><\/source><\/source><\/source><\/source><\/source><\/picture><figcaption><span class=\"video_time_zone\">6:56<\/span><\/figcaption><\/figure>\n<h3 class=\"last_videos_item_title\">OL: &#8220;Total success&#8221;, Rothen validates the replacement of Sage for Fonseca<\/h3>\n<\/article>\n<article class=\"last_videos_item\">\n<figure class=\"meme_sujet_picture\"><picture class=\"last_videos_item_cover with-js\"><source media=\"(min-width: 441px)\" width=\"16\" height=\"9\" class=\"lozad\" srcset=\"https:\/\/images.bfmtv.com\/ZnZjWfCVfLY5nyiwOB4PUHS_Osk=\/0x0:1280x720\/283x0\/images\/OM-Dugarry-pointe-la-responsabilite-de-De-Zerbi-Di-Meco-tacle-les-joueurs-2066093.webp, https:\/\/images.bfmtv.com\/ejIp5e1Uvk5iy8EyM-0nRBtR0DQ=\/0x0:1280x720\/566x0\/images\/OM-Dugarry-pointe-la-responsabilite-de-De-Zerbi-Di-Meco-tacle-les-joueurs-2066093.webp 2x\" type=\"image\/webp\"><source media=\"(min-width: 441px)\" width=\"16\" height=\"9\" class=\"lozad\" srcset=\"https:\/\/images.bfmtv.com\/-qOeb1fWGtGlez-T1In_vnD6CAc=\/0x0:1280x720\/283x0\/images\/OM-Dugarry-pointe-la-responsabilite-de-De-Zerbi-Di-Meco-tacle-les-joueurs-2066093.jpg, https:\/\/images.bfmtv.com\/BxTeeKAXaby0eW-Vb3SF70XO67k=\/0x0:1280x720\/566x0\/images\/OM-Dugarry-pointe-la-responsabilite-de-De-Zerbi-Di-Meco-tacle-les-joueurs-2066093.jpg 2x\" type=\"image\/jpeg\"><source media=\"(min-width: 361px)\" width=\"16\" height=\"9\" class=\"lozad\" srcset=\"https:\/\/images.bfmtv.com\/lzRPEatprcWnnNKnZbxmfZVDHEY=\/0x0:1280x720\/125x0\/images\/OM-Dugarry-pointe-la-responsabilite-de-De-Zerbi-Di-Meco-tacle-les-joueurs-2066093.webp, https:\/\/images.bfmtv.com\/_oSBeUcrwwzRQjQX0AiICCBifLg=\/0x0:1280x720\/250x0\/images\/OM-Dugarry-pointe-la-responsabilite-de-De-Zerbi-Di-Meco-tacle-les-joueurs-2066093.webp 2x\" type=\"image\/webp\"><source media=\"(min-width: 361px)\" width=\"16\" height=\"9\" class=\"lozad\" srcset=\"https:\/\/images.bfmtv.com\/un63Gh3iY9OJJLZdcFmJUMd_tkA=\/0x0:1280x720\/125x0\/images\/OM-Dugarry-pointe-la-responsabilite-de-De-Zerbi-Di-Meco-tacle-les-joueurs-2066093.jpg, https:\/\/images.bfmtv.com\/ER2MLe9u48CRUVUPU9gjWTH7Txk=\/0x0:1280x720\/250x0\/images\/OM-Dugarry-pointe-la-responsabilite-de-De-Zerbi-Di-Meco-tacle-les-joueurs-2066093.jpg 2x\" type=\"image\/jpeg\"><source media=\"(min-width: 321px)\" width=\"16\" height=\"9\" class=\"lozad\" srcset=\"https:\/\/images.bfmtv.com\/lzRPEatprcWnnNKnZbxmfZVDHEY=\/0x0:1280x720\/125x0\/images\/OM-Dugarry-pointe-la-responsabilite-de-De-Zerbi-Di-Meco-tacle-les-joueurs-2066093.webp, https:\/\/images.bfmtv.com\/_oSBeUcrwwzRQjQX0AiICCBifLg=\/0x0:1280x720\/250x0\/images\/OM-Dugarry-pointe-la-responsabilite-de-De-Zerbi-Di-Meco-tacle-les-joueurs-2066093.webp 2x\" type=\"image\/webp\"><source media=\"(min-width: 321px)\" width=\"16\" height=\"9\" class=\"lozad\" srcset=\"https:\/\/images.bfmtv.com\/un63Gh3iY9OJJLZdcFmJUMd_tkA=\/0x0:1280x720\/125x0\/images\/OM-Dugarry-pointe-la-responsabilite-de-De-Zerbi-Di-Meco-tacle-les-joueurs-2066093.jpg, https:\/\/images.bfmtv.com\/ER2MLe9u48CRUVUPU9gjWTH7Txk=\/0x0:1280x720\/250x0\/images\/OM-Dugarry-pointe-la-responsabilite-de-De-Zerbi-Di-Meco-tacle-les-joueurs-2066093.jpg 2x\" type=\"image\/jpeg\"><source media=\"(min-width: 300px)\" width=\"16\" height=\"9\" class=\"lozad\" srcset=\"https:\/\/images.bfmtv.com\/lzRPEatprcWnnNKnZbxmfZVDHEY=\/0x0:1280x720\/125x0\/images\/OM-Dugarry-pointe-la-responsabilite-de-De-Zerbi-Di-Meco-tacle-les-joueurs-2066093.webp, https:\/\/images.bfmtv.com\/_oSBeUcrwwzRQjQX0AiICCBifLg=\/0x0:1280x720\/250x0\/images\/OM-Dugarry-pointe-la-responsabilite-de-De-Zerbi-Di-Meco-tacle-les-joueurs-2066093.webp 2x\" type=\"image\/webp\"><source media=\"(min-width: 300px)\" width=\"16\" height=\"9\" class=\"lozad\" srcset=\"https:\/\/images.bfmtv.com\/un63Gh3iY9OJJLZdcFmJUMd_tkA=\/0x0:1280x720\/125x0\/images\/OM-Dugarry-pointe-la-responsabilite-de-De-Zerbi-Di-Meco-tacle-les-joueurs-2066093.jpg, https:\/\/images.bfmtv.com\/ER2MLe9u48CRUVUPU9gjWTH7Txk=\/0x0:1280x720\/250x0\/images\/OM-Dugarry-pointe-la-responsabilite-de-De-Zerbi-Di-Meco-tacle-les-joueurs-2066093.jpg 2x\" type=\"image\/jpeg\"><img class=\"lozad\" srcset=\"https:\/\/images.bfmtv.com\/-qOeb1fWGtGlez-T1In_vnD6CAc=\/0x0:1280x720\/283x0\/images\/OM-Dugarry-pointe-la-responsabilite-de-De-Zerbi-Di-Meco-tacle-les-joueurs-2066093.jpg 1x, https:\/\/images.bfmtv.com\/BxTeeKAXaby0eW-Vb3SF70XO67k=\/0x0:1280x720\/566x0\/images\/OM-Dugarry-pointe-la-responsabilite-de-De-Zerbi-Di-Meco-tacle-les-joueurs-2066093.jpg 2x\" width=\"16\" height=\"9\" alt=\"OM: Dugarry points to Zerbi, di Meco tackles players\"\/><\/source><\/source><\/source><\/source><\/source><\/source><\/source><\/source><\/picture><figcaption><span class=\"video_time_zone\">9:41<\/span><\/figcaption><\/figure>\n<h3 class=\"last_videos_item_title\">OM: Dugarry points to Zerbi, di Meco tackles players<\/h3>\n<\/article>\n<article class=\"last_videos_item active\">\n<figure class=\"meme_sujet_picture\"><picture class=\"last_videos_item_cover with-js\"><source media=\"(min-width: 441px)\" width=\"16\" height=\"9\" class=\"lozad\" srcset=\"https:\/\/images.bfmtv.com\/bIxJkpunDFW4T6myXdFwcFJfhcQ=\/0x0:1280x720\/283x0\/images\/Ligue-1-OM-Monaco-OL-le-calendrier-des-pretendants-a-la-Ligue-des-champions-2065862.webp, https:\/\/images.bfmtv.com\/ZP7fZdQyGPaFmEwc8X5DXlwNcK8=\/0x0:1280x720\/566x0\/images\/Ligue-1-OM-Monaco-OL-le-calendrier-des-pretendants-a-la-Ligue-des-champions-2065862.webp 2x\" type=\"image\/webp\"><source media=\"(min-width: 441px)\" width=\"16\" height=\"9\" class=\"lozad\" srcset=\"https:\/\/images.bfmtv.com\/DlO9Vb1fjSUQbj4SjwIAERpnUrQ=\/0x0:1280x720\/283x0\/images\/Ligue-1-OM-Monaco-OL-le-calendrier-des-pretendants-a-la-Ligue-des-champions-2065862.jpg, https:\/\/images.bfmtv.com\/kmuTpJLksfdYH764VXCdHyySF8s=\/0x0:1280x720\/566x0\/images\/Ligue-1-OM-Monaco-OL-le-calendrier-des-pretendants-a-la-Ligue-des-champions-2065862.jpg 2x\" type=\"image\/jpeg\"><source media=\"(min-width: 361px)\" width=\"16\" height=\"9\" class=\"lozad\" srcset=\"https:\/\/images.bfmtv.com\/H09wZt7FIC1dBOEvwchdbwa-IK0=\/0x0:1280x720\/125x0\/images\/Ligue-1-OM-Monaco-OL-le-calendrier-des-pretendants-a-la-Ligue-des-champions-2065862.webp, https:\/\/images.bfmtv.com\/Y9pYkV1hvPrLGTpc0EcCTC9noaM=\/0x0:1280x720\/250x0\/images\/Ligue-1-OM-Monaco-OL-le-calendrier-des-pretendants-a-la-Ligue-des-champions-2065862.webp 2x\" type=\"image\/webp\"><source media=\"(min-width: 361px)\" width=\"16\" height=\"9\" class=\"lozad\" srcset=\"https:\/\/images.bfmtv.com\/URZeQsqrNJMibca-JcQqjxEFfNI=\/0x0:1280x720\/125x0\/images\/Ligue-1-OM-Monaco-OL-le-calendrier-des-pretendants-a-la-Ligue-des-champions-2065862.jpg, https:\/\/images.bfmtv.com\/RyCmNv7F-RGtJSGDrqeQx7mbl4Y=\/0x0:1280x720\/250x0\/images\/Ligue-1-OM-Monaco-OL-le-calendrier-des-pretendants-a-la-Ligue-des-champions-2065862.jpg 2x\" type=\"image\/jpeg\"><source media=\"(min-width: 321px)\" width=\"16\" height=\"9\" class=\"lozad\" srcset=\"https:\/\/images.bfmtv.com\/H09wZt7FIC1dBOEvwchdbwa-IK0=\/0x0:1280x720\/125x0\/images\/Ligue-1-OM-Monaco-OL-le-calendrier-des-pretendants-a-la-Ligue-des-champions-2065862.webp, https:\/\/images.bfmtv.com\/Y9pYkV1hvPrLGTpc0EcCTC9noaM=\/0x0:1280x720\/250x0\/images\/Ligue-1-OM-Monaco-OL-le-calendrier-des-pretendants-a-la-Ligue-des-champions-2065862.webp 2x\" type=\"image\/webp\"><source media=\"(min-width: 321px)\" width=\"16\" height=\"9\" class=\"lozad\" srcset=\"https:\/\/images.bfmtv.com\/URZeQsqrNJMibca-JcQqjxEFfNI=\/0x0:1280x720\/125x0\/images\/Ligue-1-OM-Monaco-OL-le-calendrier-des-pretendants-a-la-Ligue-des-champions-2065862.jpg, https:\/\/images.bfmtv.com\/RyCmNv7F-RGtJSGDrqeQx7mbl4Y=\/0x0:1280x720\/250x0\/images\/Ligue-1-OM-Monaco-OL-le-calendrier-des-pretendants-a-la-Ligue-des-champions-2065862.jpg 2x\" type=\"image\/jpeg\"><source media=\"(min-width: 300px)\" width=\"16\" height=\"9\" class=\"lozad\" srcset=\"https:\/\/images.bfmtv.com\/H09wZt7FIC1dBOEvwchdbwa-IK0=\/0x0:1280x720\/125x0\/images\/Ligue-1-OM-Monaco-OL-le-calendrier-des-pretendants-a-la-Ligue-des-champions-2065862.webp, https:\/\/images.bfmtv.com\/Y9pYkV1hvPrLGTpc0EcCTC9noaM=\/0x0:1280x720\/250x0\/images\/Ligue-1-OM-Monaco-OL-le-calendrier-des-pretendants-a-la-Ligue-des-champions-2065862.webp 2x\" type=\"image\/webp\"><source media=\"(min-width: 300px)\" width=\"16\" height=\"9\" class=\"lozad\" srcset=\"https:\/\/images.bfmtv.com\/URZeQsqrNJMibca-JcQqjxEFfNI=\/0x0:1280x720\/125x0\/images\/Ligue-1-OM-Monaco-OL-le-calendrier-des-pretendants-a-la-Ligue-des-champions-2065862.jpg, https:\/\/images.bfmtv.com\/RyCmNv7F-RGtJSGDrqeQx7mbl4Y=\/0x0:1280x720\/250x0\/images\/Ligue-1-OM-Monaco-OL-le-calendrier-des-pretendants-a-la-Ligue-des-champions-2065862.jpg 2x\" type=\"image\/jpeg\"><img class=\"lozad\" srcset=\"https:\/\/images.bfmtv.com\/DlO9Vb1fjSUQbj4SjwIAERpnUrQ=\/0x0:1280x720\/283x0\/images\/Ligue-1-OM-Monaco-OL-le-calendrier-des-pretendants-a-la-Ligue-des-champions-2065862.jpg 1x, https:\/\/images.bfmtv.com\/kmuTpJLksfdYH764VXCdHyySF8s=\/0x0:1280x720\/566x0\/images\/Ligue-1-OM-Monaco-OL-le-calendrier-des-pretendants-a-la-Ligue-des-champions-2065862.jpg 2x\" width=\"16\" height=\"9\" alt=\"Ligue 1: OM, Monaco, OL ... The calendar of contenders for the Champions League\"\/><\/source><\/source><\/source><\/source><\/source><\/source><\/source><\/source><\/picture><figcaption><span class=\"video_en_cours\">reading<\/span><\/figcaption><\/figure>\n<h3 class=\"last_videos_item_title\">Ligue 1: OM, Monaco, OL &#8230; The calendar of contenders for the Champions League<\/h3>\n<\/article>\n<article class=\"last_videos_item\">\n<figure class=\"meme_sujet_picture\"><picture class=\"last_videos_item_cover with-js\"><source media=\"(min-width: 441px)\" width=\"16\" height=\"9\" class=\"lozad\" srcset=\"https:\/\/images.bfmtv.com\/53Z7yeOXwwUTYytKfRf9B2ZQKMo=\/0x0:1280x720\/283x0\/images\/Mbappe-une-quatrieme-exclusion-en-carriere-les-trois-premieres-etaient-avec-le-PSG-2065785.webp, https:\/\/images.bfmtv.com\/U7dgCNN8c2rkdWrm0oFdEwUBWL8=\/0x0:1280x720\/566x0\/images\/Mbappe-une-quatrieme-exclusion-en-carriere-les-trois-premieres-etaient-avec-le-PSG-2065785.webp 2x\" type=\"image\/webp\"><source media=\"(min-width: 441px)\" width=\"16\" height=\"9\" class=\"lozad\" srcset=\"https:\/\/images.bfmtv.com\/2kUgZ_7opKIQf2DunzrS494YVlQ=\/0x0:1280x720\/283x0\/images\/Mbappe-une-quatrieme-exclusion-en-carriere-les-trois-premieres-etaient-avec-le-PSG-2065785.jpg, https:\/\/images.bfmtv.com\/1hc1leWGapfQ8PAbEWh5JLmSyrs=\/0x0:1280x720\/566x0\/images\/Mbappe-une-quatrieme-exclusion-en-carriere-les-trois-premieres-etaient-avec-le-PSG-2065785.jpg 2x\" type=\"image\/jpeg\"><source media=\"(min-width: 361px)\" width=\"16\" height=\"9\" class=\"lozad\" srcset=\"https:\/\/images.bfmtv.com\/gU0rGg39-eNwAf9I4LZuy2kE72Q=\/0x0:1280x720\/125x0\/images\/Mbappe-une-quatrieme-exclusion-en-carriere-les-trois-premieres-etaient-avec-le-PSG-2065785.webp, https:\/\/images.bfmtv.com\/HDEiLwWGAaqZYw_ED7B4S9HHJrY=\/0x0:1280x720\/250x0\/images\/Mbappe-une-quatrieme-exclusion-en-carriere-les-trois-premieres-etaient-avec-le-PSG-2065785.webp 2x\" type=\"image\/webp\"><source media=\"(min-width: 361px)\" width=\"16\" height=\"9\" class=\"lozad\" srcset=\"https:\/\/images.bfmtv.com\/xT_C0SJID2Fzz38wOYgncaDYOps=\/0x0:1280x720\/125x0\/images\/Mbappe-une-quatrieme-exclusion-en-carriere-les-trois-premieres-etaient-avec-le-PSG-2065785.jpg, https:\/\/images.bfmtv.com\/tm9TGBZv5dr3MBYWhBzx-dFP0RE=\/0x0:1280x720\/250x0\/images\/Mbappe-une-quatrieme-exclusion-en-carriere-les-trois-premieres-etaient-avec-le-PSG-2065785.jpg 2x\" type=\"image\/jpeg\"><source media=\"(min-width: 321px)\" width=\"16\" height=\"9\" class=\"lozad\" srcset=\"https:\/\/images.bfmtv.com\/gU0rGg39-eNwAf9I4LZuy2kE72Q=\/0x0:1280x720\/125x0\/images\/Mbappe-une-quatrieme-exclusion-en-carriere-les-trois-premieres-etaient-avec-le-PSG-2065785.webp, https:\/\/images.bfmtv.com\/HDEiLwWGAaqZYw_ED7B4S9HHJrY=\/0x0:1280x720\/250x0\/images\/Mbappe-une-quatrieme-exclusion-en-carriere-les-trois-premieres-etaient-avec-le-PSG-2065785.webp 2x\" type=\"image\/webp\"><source media=\"(min-width: 321px)\" width=\"16\" height=\"9\" class=\"lozad\" srcset=\"https:\/\/images.bfmtv.com\/xT_C0SJID2Fzz38wOYgncaDYOps=\/0x0:1280x720\/125x0\/images\/Mbappe-une-quatrieme-exclusion-en-carriere-les-trois-premieres-etaient-avec-le-PSG-2065785.jpg, https:\/\/images.bfmtv.com\/tm9TGBZv5dr3MBYWhBzx-dFP0RE=\/0x0:1280x720\/250x0\/images\/Mbappe-une-quatrieme-exclusion-en-carriere-les-trois-premieres-etaient-avec-le-PSG-2065785.jpg 2x\" type=\"image\/jpeg\"><source media=\"(min-width: 300px)\" width=\"16\" height=\"9\" class=\"lozad\" srcset=\"https:\/\/images.bfmtv.com\/gU0rGg39-eNwAf9I4LZuy2kE72Q=\/0x0:1280x720\/125x0\/images\/Mbappe-une-quatrieme-exclusion-en-carriere-les-trois-premieres-etaient-avec-le-PSG-2065785.webp, https:\/\/images.bfmtv.com\/HDEiLwWGAaqZYw_ED7B4S9HHJrY=\/0x0:1280x720\/250x0\/images\/Mbappe-une-quatrieme-exclusion-en-carriere-les-trois-premieres-etaient-avec-le-PSG-2065785.webp 2x\" type=\"image\/webp\"><source media=\"(min-width: 300px)\" width=\"16\" height=\"9\" class=\"lozad\" srcset=\"https:\/\/images.bfmtv.com\/xT_C0SJID2Fzz38wOYgncaDYOps=\/0x0:1280x720\/125x0\/images\/Mbappe-une-quatrieme-exclusion-en-carriere-les-trois-premieres-etaient-avec-le-PSG-2065785.jpg, https:\/\/images.bfmtv.com\/tm9TGBZv5dr3MBYWhBzx-dFP0RE=\/0x0:1280x720\/250x0\/images\/Mbappe-une-quatrieme-exclusion-en-carriere-les-trois-premieres-etaient-avec-le-PSG-2065785.jpg 2x\" type=\"image\/jpeg\"><img class=\"lozad\" srcset=\"https:\/\/images.bfmtv.com\/2kUgZ_7opKIQf2DunzrS494YVlQ=\/0x0:1280x720\/283x0\/images\/Mbappe-une-quatrieme-exclusion-en-carriere-les-trois-premieres-etaient-avec-le-PSG-2065785.jpg 1x, https:\/\/images.bfmtv.com\/1hc1leWGapfQ8PAbEWh5JLmSyrs=\/0x0:1280x720\/566x0\/images\/Mbappe-une-quatrieme-exclusion-en-carriere-les-trois-premieres-etaient-avec-le-PSG-2065785.jpg 2x\" width=\"16\" height=\"9\" alt=\"Mbapp\u00e9, a fourth exclusion in career ... The first three were with PSG\"\/><\/source><\/source><\/source><\/source><\/source><\/source><\/source><\/source><\/picture><figcaption><span class=\"video_time_zone\">0:44<\/span><\/figcaption><\/figure>\n<h3 class=\"last_videos_item_title\">Mbapp\u00e9, a fourth exclusion in career &#8230; The first three were with PSG<\/h3>\n<\/article>\n<article class=\"last_videos_item\">\n<figure class=\"meme_sujet_picture\"><picture class=\"last_videos_item_cover with-js\"><source media=\"(min-width: 441px)\" width=\"16\" height=\"9\" class=\"lozad\" srcset=\"https:\/\/images.bfmtv.com\/uD_3vDMeFzANfS-GFrGJJoVEpdQ=\/0x0:1280x720\/283x0\/images\/Auxerre-1-3-OL-On-a-un-grand-Coco-Kumbedi-souligne-l-impact-de-Tolisso-sur-la-victoire-2065653.webp, https:\/\/images.bfmtv.com\/QFy8-Bm4I9JOhfrMhazAt9nKEyM=\/0x0:1280x720\/566x0\/images\/Auxerre-1-3-OL-On-a-un-grand-Coco-Kumbedi-souligne-l-impact-de-Tolisso-sur-la-victoire-2065653.webp 2x\" type=\"image\/webp\"><source media=\"(min-width: 441px)\" width=\"16\" height=\"9\" class=\"lozad\" srcset=\"https:\/\/images.bfmtv.com\/y0tBAWzhUN5Bss-WepF6q_z4MKA=\/0x0:1280x720\/283x0\/images\/Auxerre-1-3-OL-On-a-un-grand-Coco-Kumbedi-souligne-l-impact-de-Tolisso-sur-la-victoire-2065653.jpg, https:\/\/images.bfmtv.com\/Ftom9tcyZ0R5ojWRnFXPFIW0uZs=\/0x0:1280x720\/566x0\/images\/Auxerre-1-3-OL-On-a-un-grand-Coco-Kumbedi-souligne-l-impact-de-Tolisso-sur-la-victoire-2065653.jpg 2x\" type=\"image\/jpeg\"><source media=\"(min-width: 361px)\" width=\"16\" height=\"9\" class=\"lozad\" srcset=\"https:\/\/images.bfmtv.com\/SJ8zAODzFK_SDV7JvsLK4rmjuZQ=\/0x0:1280x720\/125x0\/images\/Auxerre-1-3-OL-On-a-un-grand-Coco-Kumbedi-souligne-l-impact-de-Tolisso-sur-la-victoire-2065653.webp, https:\/\/images.bfmtv.com\/K_3hxfPS4h0j9y1y5dNju4fKje8=\/0x0:1280x720\/250x0\/images\/Auxerre-1-3-OL-On-a-un-grand-Coco-Kumbedi-souligne-l-impact-de-Tolisso-sur-la-victoire-2065653.webp 2x\" type=\"image\/webp\"><source media=\"(min-width: 361px)\" width=\"16\" height=\"9\" class=\"lozad\" srcset=\"https:\/\/images.bfmtv.com\/KNLgdT0WnqdAFodvMWCV94tbFOk=\/0x0:1280x720\/125x0\/images\/Auxerre-1-3-OL-On-a-un-grand-Coco-Kumbedi-souligne-l-impact-de-Tolisso-sur-la-victoire-2065653.jpg, https:\/\/images.bfmtv.com\/BKa0fTBf61KNsbsxqpZPsy0eU3E=\/0x0:1280x720\/250x0\/images\/Auxerre-1-3-OL-On-a-un-grand-Coco-Kumbedi-souligne-l-impact-de-Tolisso-sur-la-victoire-2065653.jpg 2x\" type=\"image\/jpeg\"><source media=\"(min-width: 321px)\" width=\"16\" height=\"9\" class=\"lozad\" srcset=\"https:\/\/images.bfmtv.com\/SJ8zAODzFK_SDV7JvsLK4rmjuZQ=\/0x0:1280x720\/125x0\/images\/Auxerre-1-3-OL-On-a-un-grand-Coco-Kumbedi-souligne-l-impact-de-Tolisso-sur-la-victoire-2065653.webp, https:\/\/images.bfmtv.com\/K_3hxfPS4h0j9y1y5dNju4fKje8=\/0x0:1280x720\/250x0\/images\/Auxerre-1-3-OL-On-a-un-grand-Coco-Kumbedi-souligne-l-impact-de-Tolisso-sur-la-victoire-2065653.webp 2x\" type=\"image\/webp\"><source media=\"(min-width: 321px)\" width=\"16\" height=\"9\" class=\"lozad\" srcset=\"https:\/\/images.bfmtv.com\/KNLgdT0WnqdAFodvMWCV94tbFOk=\/0x0:1280x720\/125x0\/images\/Auxerre-1-3-OL-On-a-un-grand-Coco-Kumbedi-souligne-l-impact-de-Tolisso-sur-la-victoire-2065653.jpg, https:\/\/images.bfmtv.com\/BKa0fTBf61KNsbsxqpZPsy0eU3E=\/0x0:1280x720\/250x0\/images\/Auxerre-1-3-OL-On-a-un-grand-Coco-Kumbedi-souligne-l-impact-de-Tolisso-sur-la-victoire-2065653.jpg 2x\" type=\"image\/jpeg\"><source media=\"(min-width: 300px)\" width=\"16\" height=\"9\" class=\"lozad\" srcset=\"https:\/\/images.bfmtv.com\/SJ8zAODzFK_SDV7JvsLK4rmjuZQ=\/0x0:1280x720\/125x0\/images\/Auxerre-1-3-OL-On-a-un-grand-Coco-Kumbedi-souligne-l-impact-de-Tolisso-sur-la-victoire-2065653.webp, https:\/\/images.bfmtv.com\/K_3hxfPS4h0j9y1y5dNju4fKje8=\/0x0:1280x720\/250x0\/images\/Auxerre-1-3-OL-On-a-un-grand-Coco-Kumbedi-souligne-l-impact-de-Tolisso-sur-la-victoire-2065653.webp 2x\" type=\"image\/webp\"><source media=\"(min-width: 300px)\" width=\"16\" height=\"9\" class=\"lozad\" srcset=\"https:\/\/images.bfmtv.com\/KNLgdT0WnqdAFodvMWCV94tbFOk=\/0x0:1280x720\/125x0\/images\/Auxerre-1-3-OL-On-a-un-grand-Coco-Kumbedi-souligne-l-impact-de-Tolisso-sur-la-victoire-2065653.jpg, https:\/\/images.bfmtv.com\/BKa0fTBf61KNsbsxqpZPsy0eU3E=\/0x0:1280x720\/250x0\/images\/Auxerre-1-3-OL-On-a-un-grand-Coco-Kumbedi-souligne-l-impact-de-Tolisso-sur-la-victoire-2065653.jpg 2x\" type=\"image\/jpeg\"><img class=\"lozad\" srcset=\"https:\/\/images.bfmtv.com\/y0tBAWzhUN5Bss-WepF6q_z4MKA=\/0x0:1280x720\/283x0\/images\/Auxerre-1-3-OL-On-a-un-grand-Coco-Kumbedi-souligne-l-impact-de-Tolisso-sur-la-victoire-2065653.jpg 1x, https:\/\/images.bfmtv.com\/Ftom9tcyZ0R5ojWRnFXPFIW0uZs=\/0x0:1280x720\/566x0\/images\/Auxerre-1-3-OL-On-a-un-grand-Coco-Kumbedi-souligne-l-impact-de-Tolisso-sur-la-victoire-2065653.jpg 2x\" width=\"16\" height=\"9\" alt=\"Auxerre 1-3 : &quot;We have a big coconut&quot;Kumbedi underlines Tolisso&#39;s impact on victory\"\/><\/source><\/source><\/source><\/source><\/source><\/source><\/source><\/source><\/picture><figcaption><span class=\"video_time_zone\">0:48<\/span><\/figcaption><\/figure>\n<h3 class=\"last_videos_item_title\">Auxerre 1-3 OL: &#8220;We have a big coconut&#8221;, Kumbedi underlines the impact of Tolisso on victory<\/h3>\n<\/article>\n<article class=\"last_videos_item\">\n<figure class=\"meme_sujet_picture\"><picture class=\"last_videos_item_cover with-js\"><source media=\"(min-width: 441px)\" width=\"16\" height=\"9\" class=\"lozad\" srcset=\"https:\/\/images.bfmtv.com\/CqwPHmOWiIF17aXW1rscN0qTT9g=\/0x0:1280x720\/283x0\/images\/Auxerre-1-3-OL-L-un-de-nos-matches-les-plus-aboutis-de-la-saison-estime-Mikautadze-2065650.webp, https:\/\/images.bfmtv.com\/gU6ylWKQj2IlltJCHEGKtnyFrzE=\/0x0:1280x720\/566x0\/images\/Auxerre-1-3-OL-L-un-de-nos-matches-les-plus-aboutis-de-la-saison-estime-Mikautadze-2065650.webp 2x\" type=\"image\/webp\"><source media=\"(min-width: 441px)\" width=\"16\" height=\"9\" class=\"lozad\" srcset=\"https:\/\/images.bfmtv.com\/dQVxYuNIS1oSfor5bL_fuKmvf0I=\/0x0:1280x720\/283x0\/images\/Auxerre-1-3-OL-L-un-de-nos-matches-les-plus-aboutis-de-la-saison-estime-Mikautadze-2065650.jpg, https:\/\/images.bfmtv.com\/Xk0CXumtAwtfkm2s55eHxW9pQ68=\/0x0:1280x720\/566x0\/images\/Auxerre-1-3-OL-L-un-de-nos-matches-les-plus-aboutis-de-la-saison-estime-Mikautadze-2065650.jpg 2x\" type=\"image\/jpeg\"><source media=\"(min-width: 361px)\" width=\"16\" height=\"9\" class=\"lozad\" srcset=\"https:\/\/images.bfmtv.com\/koC7vLdRX5Kd30Qu6FIh5zlAAk0=\/0x0:1280x720\/125x0\/images\/Auxerre-1-3-OL-L-un-de-nos-matches-les-plus-aboutis-de-la-saison-estime-Mikautadze-2065650.webp, https:\/\/images.bfmtv.com\/GYVSjZLX1xKIdloAqnbpXc-Qtk8=\/0x0:1280x720\/250x0\/images\/Auxerre-1-3-OL-L-un-de-nos-matches-les-plus-aboutis-de-la-saison-estime-Mikautadze-2065650.webp 2x\" type=\"image\/webp\"><source media=\"(min-width: 361px)\" width=\"16\" height=\"9\" class=\"lozad\" srcset=\"https:\/\/images.bfmtv.com\/n3EOtDvZULLgyMXoZZIz5tojA_Q=\/0x0:1280x720\/125x0\/images\/Auxerre-1-3-OL-L-un-de-nos-matches-les-plus-aboutis-de-la-saison-estime-Mikautadze-2065650.jpg, https:\/\/images.bfmtv.com\/0zeJ24ufw_0GtKO8HxvGn562QQ4=\/0x0:1280x720\/250x0\/images\/Auxerre-1-3-OL-L-un-de-nos-matches-les-plus-aboutis-de-la-saison-estime-Mikautadze-2065650.jpg 2x\" type=\"image\/jpeg\"><source media=\"(min-width: 321px)\" width=\"16\" height=\"9\" class=\"lozad\" srcset=\"https:\/\/images.bfmtv.com\/koC7vLdRX5Kd30Qu6FIh5zlAAk0=\/0x0:1280x720\/125x0\/images\/Auxerre-1-3-OL-L-un-de-nos-matches-les-plus-aboutis-de-la-saison-estime-Mikautadze-2065650.webp, https:\/\/images.bfmtv.com\/GYVSjZLX1xKIdloAqnbpXc-Qtk8=\/0x0:1280x720\/250x0\/images\/Auxerre-1-3-OL-L-un-de-nos-matches-les-plus-aboutis-de-la-saison-estime-Mikautadze-2065650.webp 2x\" type=\"image\/webp\"><source media=\"(min-width: 321px)\" width=\"16\" height=\"9\" class=\"lozad\" srcset=\"https:\/\/images.bfmtv.com\/n3EOtDvZULLgyMXoZZIz5tojA_Q=\/0x0:1280x720\/125x0\/images\/Auxerre-1-3-OL-L-un-de-nos-matches-les-plus-aboutis-de-la-saison-estime-Mikautadze-2065650.jpg, https:\/\/images.bfmtv.com\/0zeJ24ufw_0GtKO8HxvGn562QQ4=\/0x0:1280x720\/250x0\/images\/Auxerre-1-3-OL-L-un-de-nos-matches-les-plus-aboutis-de-la-saison-estime-Mikautadze-2065650.jpg 2x\" type=\"image\/jpeg\"><source media=\"(min-width: 300px)\" width=\"16\" height=\"9\" class=\"lozad\" srcset=\"https:\/\/images.bfmtv.com\/koC7vLdRX5Kd30Qu6FIh5zlAAk0=\/0x0:1280x720\/125x0\/images\/Auxerre-1-3-OL-L-un-de-nos-matches-les-plus-aboutis-de-la-saison-estime-Mikautadze-2065650.webp, https:\/\/images.bfmtv.com\/GYVSjZLX1xKIdloAqnbpXc-Qtk8=\/0x0:1280x720\/250x0\/images\/Auxerre-1-3-OL-L-un-de-nos-matches-les-plus-aboutis-de-la-saison-estime-Mikautadze-2065650.webp 2x\" type=\"image\/webp\"><source media=\"(min-width: 300px)\" width=\"16\" height=\"9\" class=\"lozad\" srcset=\"https:\/\/images.bfmtv.com\/n3EOtDvZULLgyMXoZZIz5tojA_Q=\/0x0:1280x720\/125x0\/images\/Auxerre-1-3-OL-L-un-de-nos-matches-les-plus-aboutis-de-la-saison-estime-Mikautadze-2065650.jpg, https:\/\/images.bfmtv.com\/0zeJ24ufw_0GtKO8HxvGn562QQ4=\/0x0:1280x720\/250x0\/images\/Auxerre-1-3-OL-L-un-de-nos-matches-les-plus-aboutis-de-la-saison-estime-Mikautadze-2065650.jpg 2x\" type=\"image\/jpeg\"><img class=\"lozad\" srcset=\"https:\/\/images.bfmtv.com\/dQVxYuNIS1oSfor5bL_fuKmvf0I=\/0x0:1280x720\/283x0\/images\/Auxerre-1-3-OL-L-un-de-nos-matches-les-plus-aboutis-de-la-saison-estime-Mikautadze-2065650.jpg 1x, https:\/\/images.bfmtv.com\/Xk0CXumtAwtfkm2s55eHxW9pQ68=\/0x0:1280x720\/566x0\/images\/Auxerre-1-3-OL-L-un-de-nos-matches-les-plus-aboutis-de-la-saison-estime-Mikautadze-2065650.jpg 2x\" width=\"16\" height=\"9\" alt=\"Auxerre 1-3 : &quot;One of our most successful matches of the season&quot;estime Mikautadze\"\/><\/source><\/source><\/source><\/source><\/source><\/source><\/source><\/source><\/picture><figcaption><span class=\"video_time_zone\">0:38<\/span><\/figcaption><\/figure>\n<h3 class=\"last_videos_item_title\">Auxerre 1-3 OL: &#8220;One of our most successful matches of the season,&#8221; said Mikautadze<\/h3>\n<\/article>\n<article class=\"last_videos_item\">\n<figure class=\"meme_sujet_picture\"><picture class=\"last_videos_item_cover with-js\"><source media=\"(min-width: 441px)\" width=\"16\" height=\"9\" class=\"lozad\" srcset=\"https:\/\/images.bfmtv.com\/FT5n6rI4vy3pOAvMZwob9YQYlJE=\/0x0:1280x720\/283x0\/images\/Auxerre-1-3-Lyon-Le-debrief-complet-de-L-After-2065647.webp, https:\/\/images.bfmtv.com\/XvHeNWkn0D8yzSHCi7JxN9KMg7A=\/0x0:1280x720\/566x0\/images\/Auxerre-1-3-Lyon-Le-debrief-complet-de-L-After-2065647.webp 2x\" type=\"image\/webp\"><source media=\"(min-width: 441px)\" width=\"16\" height=\"9\" class=\"lozad\" srcset=\"https:\/\/images.bfmtv.com\/IUfGbs6xo0NFrMiZ1kn6ygFThS4=\/0x0:1280x720\/283x0\/images\/Auxerre-1-3-Lyon-Le-debrief-complet-de-L-After-2065647.jpg, https:\/\/images.bfmtv.com\/y9cRSspQJQOOrJvmEgyj7MZlJ9Q=\/0x0:1280x720\/566x0\/images\/Auxerre-1-3-Lyon-Le-debrief-complet-de-L-After-2065647.jpg 2x\" type=\"image\/jpeg\"><source media=\"(min-width: 361px)\" width=\"16\" height=\"9\" class=\"lozad\" srcset=\"https:\/\/images.bfmtv.com\/StwYzjFxVqZFZUnqkaHnAutq1es=\/0x0:1280x720\/125x0\/images\/Auxerre-1-3-Lyon-Le-debrief-complet-de-L-After-2065647.webp, https:\/\/images.bfmtv.com\/13N3V87f5BY-FacoZ6ir_0qxQO4=\/0x0:1280x720\/250x0\/images\/Auxerre-1-3-Lyon-Le-debrief-complet-de-L-After-2065647.webp 2x\" type=\"image\/webp\"><source media=\"(min-width: 361px)\" width=\"16\" height=\"9\" class=\"lozad\" srcset=\"https:\/\/images.bfmtv.com\/1iydOghG0RI08HptVD7zFE4j_Ys=\/0x0:1280x720\/125x0\/images\/Auxerre-1-3-Lyon-Le-debrief-complet-de-L-After-2065647.jpg, https:\/\/images.bfmtv.com\/bsn9oHasd3zunkzkJEOIl8fssh0=\/0x0:1280x720\/250x0\/images\/Auxerre-1-3-Lyon-Le-debrief-complet-de-L-After-2065647.jpg 2x\" type=\"image\/jpeg\"><source media=\"(min-width: 321px)\" width=\"16\" height=\"9\" class=\"lozad\" srcset=\"https:\/\/images.bfmtv.com\/StwYzjFxVqZFZUnqkaHnAutq1es=\/0x0:1280x720\/125x0\/images\/Auxerre-1-3-Lyon-Le-debrief-complet-de-L-After-2065647.webp, https:\/\/images.bfmtv.com\/13N3V87f5BY-FacoZ6ir_0qxQO4=\/0x0:1280x720\/250x0\/images\/Auxerre-1-3-Lyon-Le-debrief-complet-de-L-After-2065647.webp 2x\" type=\"image\/webp\"><source media=\"(min-width: 321px)\" width=\"16\" height=\"9\" class=\"lozad\" srcset=\"https:\/\/images.bfmtv.com\/1iydOghG0RI08HptVD7zFE4j_Ys=\/0x0:1280x720\/125x0\/images\/Auxerre-1-3-Lyon-Le-debrief-complet-de-L-After-2065647.jpg, https:\/\/images.bfmtv.com\/bsn9oHasd3zunkzkJEOIl8fssh0=\/0x0:1280x720\/250x0\/images\/Auxerre-1-3-Lyon-Le-debrief-complet-de-L-After-2065647.jpg 2x\" type=\"image\/jpeg\"><source media=\"(min-width: 300px)\" width=\"16\" height=\"9\" class=\"lozad\" srcset=\"https:\/\/images.bfmtv.com\/StwYzjFxVqZFZUnqkaHnAutq1es=\/0x0:1280x720\/125x0\/images\/Auxerre-1-3-Lyon-Le-debrief-complet-de-L-After-2065647.webp, https:\/\/images.bfmtv.com\/13N3V87f5BY-FacoZ6ir_0qxQO4=\/0x0:1280x720\/250x0\/images\/Auxerre-1-3-Lyon-Le-debrief-complet-de-L-After-2065647.webp 2x\" type=\"image\/webp\"><source media=\"(min-width: 300px)\" width=\"16\" height=\"9\" class=\"lozad\" srcset=\"https:\/\/images.bfmtv.com\/1iydOghG0RI08HptVD7zFE4j_Ys=\/0x0:1280x720\/125x0\/images\/Auxerre-1-3-Lyon-Le-debrief-complet-de-L-After-2065647.jpg, https:\/\/images.bfmtv.com\/bsn9oHasd3zunkzkJEOIl8fssh0=\/0x0:1280x720\/250x0\/images\/Auxerre-1-3-Lyon-Le-debrief-complet-de-L-After-2065647.jpg 2x\" type=\"image\/jpeg\"><img class=\"lozad\" srcset=\"https:\/\/images.bfmtv.com\/IUfGbs6xo0NFrMiZ1kn6ygFThS4=\/0x0:1280x720\/283x0\/images\/Auxerre-1-3-Lyon-Le-debrief-complet-de-L-After-2065647.jpg 1x, https:\/\/images.bfmtv.com\/y9cRSspQJQOOrJvmEgyj7MZlJ9Q=\/0x0:1280x720\/566x0\/images\/Auxerre-1-3-Lyon-Le-debrief-complet-de-L-After-2065647.jpg 2x\" width=\"16\" height=\"9\" alt=\"Auxerre 1-3 Lyon: the complete debrief of the after\"\/><\/source><\/source><\/source><\/source><\/source><\/source><\/source><\/source><\/picture><figcaption><span class=\"video_time_zone\">27:11<\/span><\/figcaption><\/figure>\n<h3 class=\"last_videos_item_title\">Auxerre 1-3 Lyon: the complete debrief of the after<\/h3>\n<\/article>\n<article class=\"last_videos_item\">\n<figure class=\"meme_sujet_picture\"><picture class=\"last_videos_item_cover with-js\"><source media=\"(min-width: 441px)\" width=\"16\" height=\"9\" class=\"lozad\" srcset=\"https:\/\/images.bfmtv.com\/Gun421PEtQNRnglKtmb1cGukXmo=\/0x0:1280x720\/283x0\/images\/Auxerre-1-3-OL-Lacazette-buteur-le-plus-important-c-est-qu-il-n-a-rien-lache-salue-Maciel-2065645.webp, https:\/\/images.bfmtv.com\/R9iTfymW-TggQu6_Zi_QZKZAO7I=\/0x0:1280x720\/566x0\/images\/Auxerre-1-3-OL-Lacazette-buteur-le-plus-important-c-est-qu-il-n-a-rien-lache-salue-Maciel-2065645.webp 2x\" type=\"image\/webp\"><source media=\"(min-width: 441px)\" width=\"16\" height=\"9\" class=\"lozad\" srcset=\"https:\/\/images.bfmtv.com\/12dzgfNEtXBwrp9Bd6nhKjv_fEk=\/0x0:1280x720\/283x0\/images\/Auxerre-1-3-OL-Lacazette-buteur-le-plus-important-c-est-qu-il-n-a-rien-lache-salue-Maciel-2065645.jpg, https:\/\/images.bfmtv.com\/2BgrPX8-53teaaX8AG_Dwm_sQqA=\/0x0:1280x720\/566x0\/images\/Auxerre-1-3-OL-Lacazette-buteur-le-plus-important-c-est-qu-il-n-a-rien-lache-salue-Maciel-2065645.jpg 2x\" type=\"image\/jpeg\"><source media=\"(min-width: 361px)\" width=\"16\" height=\"9\" class=\"lozad\" srcset=\"https:\/\/images.bfmtv.com\/mUVNvcg0JW9x41yOVN1jEl_DChc=\/0x0:1280x720\/125x0\/images\/Auxerre-1-3-OL-Lacazette-buteur-le-plus-important-c-est-qu-il-n-a-rien-lache-salue-Maciel-2065645.webp, https:\/\/images.bfmtv.com\/eShROk2RbI3nT8YKn8SWTd-xseQ=\/0x0:1280x720\/250x0\/images\/Auxerre-1-3-OL-Lacazette-buteur-le-plus-important-c-est-qu-il-n-a-rien-lache-salue-Maciel-2065645.webp 2x\" type=\"image\/webp\"><source media=\"(min-width: 361px)\" width=\"16\" height=\"9\" class=\"lozad\" srcset=\"https:\/\/images.bfmtv.com\/97z10tTgH_71BBC-0y8CB1YNYrg=\/0x0:1280x720\/125x0\/images\/Auxerre-1-3-OL-Lacazette-buteur-le-plus-important-c-est-qu-il-n-a-rien-lache-salue-Maciel-2065645.jpg, https:\/\/images.bfmtv.com\/Jm-Krmvz8floO4qYHsnJVh3A7Aw=\/0x0:1280x720\/250x0\/images\/Auxerre-1-3-OL-Lacazette-buteur-le-plus-important-c-est-qu-il-n-a-rien-lache-salue-Maciel-2065645.jpg 2x\" type=\"image\/jpeg\"><source media=\"(min-width: 321px)\" width=\"16\" height=\"9\" class=\"lozad\" srcset=\"https:\/\/images.bfmtv.com\/mUVNvcg0JW9x41yOVN1jEl_DChc=\/0x0:1280x720\/125x0\/images\/Auxerre-1-3-OL-Lacazette-buteur-le-plus-important-c-est-qu-il-n-a-rien-lache-salue-Maciel-2065645.webp, https:\/\/images.bfmtv.com\/eShROk2RbI3nT8YKn8SWTd-xseQ=\/0x0:1280x720\/250x0\/images\/Auxerre-1-3-OL-Lacazette-buteur-le-plus-important-c-est-qu-il-n-a-rien-lache-salue-Maciel-2065645.webp 2x\" type=\"image\/webp\"><source media=\"(min-width: 321px)\" width=\"16\" height=\"9\" class=\"lozad\" srcset=\"https:\/\/images.bfmtv.com\/97z10tTgH_71BBC-0y8CB1YNYrg=\/0x0:1280x720\/125x0\/images\/Auxerre-1-3-OL-Lacazette-buteur-le-plus-important-c-est-qu-il-n-a-rien-lache-salue-Maciel-2065645.jpg, https:\/\/images.bfmtv.com\/Jm-Krmvz8floO4qYHsnJVh3A7Aw=\/0x0:1280x720\/250x0\/images\/Auxerre-1-3-OL-Lacazette-buteur-le-plus-important-c-est-qu-il-n-a-rien-lache-salue-Maciel-2065645.jpg 2x\" type=\"image\/jpeg\"><source media=\"(min-width: 300px)\" width=\"16\" height=\"9\" class=\"lozad\" srcset=\"https:\/\/images.bfmtv.com\/mUVNvcg0JW9x41yOVN1jEl_DChc=\/0x0:1280x720\/125x0\/images\/Auxerre-1-3-OL-Lacazette-buteur-le-plus-important-c-est-qu-il-n-a-rien-lache-salue-Maciel-2065645.webp, https:\/\/images.bfmtv.com\/eShROk2RbI3nT8YKn8SWTd-xseQ=\/0x0:1280x720\/250x0\/images\/Auxerre-1-3-OL-Lacazette-buteur-le-plus-important-c-est-qu-il-n-a-rien-lache-salue-Maciel-2065645.webp 2x\" type=\"image\/webp\"><source media=\"(min-width: 300px)\" width=\"16\" height=\"9\" class=\"lozad\" srcset=\"https:\/\/images.bfmtv.com\/97z10tTgH_71BBC-0y8CB1YNYrg=\/0x0:1280x720\/125x0\/images\/Auxerre-1-3-OL-Lacazette-buteur-le-plus-important-c-est-qu-il-n-a-rien-lache-salue-Maciel-2065645.jpg, https:\/\/images.bfmtv.com\/Jm-Krmvz8floO4qYHsnJVh3A7Aw=\/0x0:1280x720\/250x0\/images\/Auxerre-1-3-OL-Lacazette-buteur-le-plus-important-c-est-qu-il-n-a-rien-lache-salue-Maciel-2065645.jpg 2x\" type=\"image\/jpeg\"><img class=\"lozad\" srcset=\"https:\/\/images.bfmtv.com\/12dzgfNEtXBwrp9Bd6nhKjv_fEk=\/0x0:1280x720\/283x0\/images\/Auxerre-1-3-OL-Lacazette-buteur-le-plus-important-c-est-qu-il-n-a-rien-lache-salue-Maciel-2065645.jpg 1x, https:\/\/images.bfmtv.com\/2BgrPX8-53teaaX8AG_Dwm_sQqA=\/0x0:1280x720\/566x0\/images\/Auxerre-1-3-OL-Lacazette-buteur-le-plus-important-c-est-qu-il-n-a-rien-lache-salue-Maciel-2065645.jpg 2x\" width=\"16\" height=\"9\" alt=\"Auxerre 1-3 OL: Lacazette scorer, &quot;The most important thing is that he did not let go&quot;salutes Maciel\"\/><\/source><\/source><\/source><\/source><\/source><\/source><\/source><\/source><\/picture><figcaption><span class=\"video_time_zone\">1:20<\/span><\/figcaption><\/figure>\n<h3 class=\"last_videos_item_title\">Auxerre 1-3 OL: Lacazette scorer, &#8220;the most important thing is that he did not let go&#8221;, greets Maciel<\/h3>\n<\/article>\n<article class=\"last_videos_item\">\n<figure class=\"meme_sujet_picture\"><picture class=\"last_videos_item_cover with-js\"><source media=\"(min-width: 441px)\" width=\"16\" height=\"9\" class=\"lozad\" srcset=\"https:\/\/images.bfmtv.com\/WjUcQQSv9jkruAhRz1GFscjKKv4=\/0x0:1280x720\/283x0\/images\/Course-a-la-Ligue-des-champions-Et-si-l-OM-perdait-tout-2065642.webp, https:\/\/images.bfmtv.com\/6z-Nb79NAx7VKXaEtueIPuJOmIE=\/0x0:1280x720\/566x0\/images\/Course-a-la-Ligue-des-champions-Et-si-l-OM-perdait-tout-2065642.webp 2x\" type=\"image\/webp\"><source media=\"(min-width: 441px)\" width=\"16\" height=\"9\" class=\"lozad\" srcset=\"https:\/\/images.bfmtv.com\/bJjjrYCJuFateB2QW9dWZzrC2tc=\/0x0:1280x720\/283x0\/images\/Course-a-la-Ligue-des-champions-Et-si-l-OM-perdait-tout-2065642.jpg, https:\/\/images.bfmtv.com\/8h28qvcGgFVePbreKb4a6hEwqvc=\/0x0:1280x720\/566x0\/images\/Course-a-la-Ligue-des-champions-Et-si-l-OM-perdait-tout-2065642.jpg 2x\" type=\"image\/jpeg\"><source media=\"(min-width: 361px)\" width=\"16\" height=\"9\" class=\"lozad\" srcset=\"https:\/\/images.bfmtv.com\/fS2eHPenCg0yMnGU6fh6KqhxT6g=\/0x0:1280x720\/125x0\/images\/Course-a-la-Ligue-des-champions-Et-si-l-OM-perdait-tout-2065642.webp, https:\/\/images.bfmtv.com\/09l9a-G3ZSpH93QU2Pl9LFA4PJs=\/0x0:1280x720\/250x0\/images\/Course-a-la-Ligue-des-champions-Et-si-l-OM-perdait-tout-2065642.webp 2x\" type=\"image\/webp\"><source media=\"(min-width: 361px)\" width=\"16\" height=\"9\" class=\"lozad\" srcset=\"https:\/\/images.bfmtv.com\/dlvNHBmsvsvOmMoeWuOorYmqnkU=\/0x0:1280x720\/125x0\/images\/Course-a-la-Ligue-des-champions-Et-si-l-OM-perdait-tout-2065642.jpg, https:\/\/images.bfmtv.com\/6mqg66_Se7RVS3lmskFLzuwRKh0=\/0x0:1280x720\/250x0\/images\/Course-a-la-Ligue-des-champions-Et-si-l-OM-perdait-tout-2065642.jpg 2x\" type=\"image\/jpeg\"><source media=\"(min-width: 321px)\" width=\"16\" height=\"9\" class=\"lozad\" srcset=\"https:\/\/images.bfmtv.com\/fS2eHPenCg0yMnGU6fh6KqhxT6g=\/0x0:1280x720\/125x0\/images\/Course-a-la-Ligue-des-champions-Et-si-l-OM-perdait-tout-2065642.webp, https:\/\/images.bfmtv.com\/09l9a-G3ZSpH93QU2Pl9LFA4PJs=\/0x0:1280x720\/250x0\/images\/Course-a-la-Ligue-des-champions-Et-si-l-OM-perdait-tout-2065642.webp 2x\" type=\"image\/webp\"><source media=\"(min-width: 321px)\" width=\"16\" height=\"9\" class=\"lozad\" srcset=\"https:\/\/images.bfmtv.com\/dlvNHBmsvsvOmMoeWuOorYmqnkU=\/0x0:1280x720\/125x0\/images\/Course-a-la-Ligue-des-champions-Et-si-l-OM-perdait-tout-2065642.jpg, https:\/\/images.bfmtv.com\/6mqg66_Se7RVS3lmskFLzuwRKh0=\/0x0:1280x720\/250x0\/images\/Course-a-la-Ligue-des-champions-Et-si-l-OM-perdait-tout-2065642.jpg 2x\" type=\"image\/jpeg\"><source media=\"(min-width: 300px)\" width=\"16\" height=\"9\" class=\"lozad\" srcset=\"https:\/\/images.bfmtv.com\/fS2eHPenCg0yMnGU6fh6KqhxT6g=\/0x0:1280x720\/125x0\/images\/Course-a-la-Ligue-des-champions-Et-si-l-OM-perdait-tout-2065642.webp, https:\/\/images.bfmtv.com\/09l9a-G3ZSpH93QU2Pl9LFA4PJs=\/0x0:1280x720\/250x0\/images\/Course-a-la-Ligue-des-champions-Et-si-l-OM-perdait-tout-2065642.webp 2x\" type=\"image\/webp\"><source media=\"(min-width: 300px)\" width=\"16\" height=\"9\" class=\"lozad\" srcset=\"https:\/\/images.bfmtv.com\/dlvNHBmsvsvOmMoeWuOorYmqnkU=\/0x0:1280x720\/125x0\/images\/Course-a-la-Ligue-des-champions-Et-si-l-OM-perdait-tout-2065642.jpg, https:\/\/images.bfmtv.com\/6mqg66_Se7RVS3lmskFLzuwRKh0=\/0x0:1280x720\/250x0\/images\/Course-a-la-Ligue-des-champions-Et-si-l-OM-perdait-tout-2065642.jpg 2x\" type=\"image\/jpeg\"><img class=\"lozad\" srcset=\"https:\/\/images.bfmtv.com\/bJjjrYCJuFateB2QW9dWZzrC2tc=\/0x0:1280x720\/283x0\/images\/Course-a-la-Ligue-des-champions-Et-si-l-OM-perdait-tout-2065642.jpg 1x, https:\/\/images.bfmtv.com\/8h28qvcGgFVePbreKb4a6hEwqvc=\/0x0:1280x720\/566x0\/images\/Course-a-la-Ligue-des-champions-Et-si-l-OM-perdait-tout-2065642.jpg 2x\" width=\"16\" height=\"9\" alt=\"Race at the Champions League: and if OM lost everything ...\"\/><\/source><\/source><\/source><\/source><\/source><\/source><\/source><\/source><\/picture><figcaption><span class=\"video_time_zone\">13:22<\/span><\/figcaption><\/figure>\n<h3 class=\"last_videos_item_title\">Race at the Champions League: and if OM lost everything &#8230;<\/h3>\n<\/article>\n<article class=\"last_videos_item\">\n<figure class=\"meme_sujet_picture\"><picture class=\"last_videos_item_cover with-js\"><source media=\"(min-width: 441px)\" width=\"16\" height=\"9\" class=\"lozad\" srcset=\"https:\/\/images.bfmtv.com\/TvUOx4-fwPc8jiX31Napb6jyGZM=\/0x0:1280x720\/283x0\/images\/Angers-2-0-Montpellier-J-ai-retrouve-un-esprit-collectif-apprecie-Camara-pour-sa-premiere-sur-le-banc-2065622.webp, https:\/\/images.bfmtv.com\/PMOjdg-dPYZlpO-3JzPYGnn4TQg=\/0x0:1280x720\/566x0\/images\/Angers-2-0-Montpellier-J-ai-retrouve-un-esprit-collectif-apprecie-Camara-pour-sa-premiere-sur-le-banc-2065622.webp 2x\" type=\"image\/webp\"><source media=\"(min-width: 441px)\" width=\"16\" height=\"9\" class=\"lozad\" srcset=\"https:\/\/images.bfmtv.com\/elUp610oKhgP4b0QdGWk1Bfd7gY=\/0x0:1280x720\/283x0\/images\/Angers-2-0-Montpellier-J-ai-retrouve-un-esprit-collectif-apprecie-Camara-pour-sa-premiere-sur-le-banc-2065622.jpg, https:\/\/images.bfmtv.com\/ey3xQLRBqGxxfYORtHLaWnuTfMk=\/0x0:1280x720\/566x0\/images\/Angers-2-0-Montpellier-J-ai-retrouve-un-esprit-collectif-apprecie-Camara-pour-sa-premiere-sur-le-banc-2065622.jpg 2x\" type=\"image\/jpeg\"><source media=\"(min-width: 361px)\" width=\"16\" height=\"9\" class=\"lozad\" srcset=\"https:\/\/images.bfmtv.com\/r-93UM4Kibt-45VYn0bQYhLgv5c=\/0x0:1280x720\/125x0\/images\/Angers-2-0-Montpellier-J-ai-retrouve-un-esprit-collectif-apprecie-Camara-pour-sa-premiere-sur-le-banc-2065622.webp, https:\/\/images.bfmtv.com\/fJUKtGLWTul4LC5te9e1KB-xTI0=\/0x0:1280x720\/250x0\/images\/Angers-2-0-Montpellier-J-ai-retrouve-un-esprit-collectif-apprecie-Camara-pour-sa-premiere-sur-le-banc-2065622.webp 2x\" type=\"image\/webp\"><source media=\"(min-width: 361px)\" width=\"16\" height=\"9\" class=\"lozad\" srcset=\"https:\/\/images.bfmtv.com\/71j_yV-_UufDZxDlrOv1Pfvl_Oc=\/0x0:1280x720\/125x0\/images\/Angers-2-0-Montpellier-J-ai-retrouve-un-esprit-collectif-apprecie-Camara-pour-sa-premiere-sur-le-banc-2065622.jpg, https:\/\/images.bfmtv.com\/cMlf6wL1pMGcd81qx1LaQahlY_U=\/0x0:1280x720\/250x0\/images\/Angers-2-0-Montpellier-J-ai-retrouve-un-esprit-collectif-apprecie-Camara-pour-sa-premiere-sur-le-banc-2065622.jpg 2x\" type=\"image\/jpeg\"><source media=\"(min-width: 321px)\" width=\"16\" height=\"9\" class=\"lozad\" srcset=\"https:\/\/images.bfmtv.com\/r-93UM4Kibt-45VYn0bQYhLgv5c=\/0x0:1280x720\/125x0\/images\/Angers-2-0-Montpellier-J-ai-retrouve-un-esprit-collectif-apprecie-Camara-pour-sa-premiere-sur-le-banc-2065622.webp, https:\/\/images.bfmtv.com\/fJUKtGLWTul4LC5te9e1KB-xTI0=\/0x0:1280x720\/250x0\/images\/Angers-2-0-Montpellier-J-ai-retrouve-un-esprit-collectif-apprecie-Camara-pour-sa-premiere-sur-le-banc-2065622.webp 2x\" type=\"image\/webp\"><source media=\"(min-width: 321px)\" width=\"16\" height=\"9\" class=\"lozad\" srcset=\"https:\/\/images.bfmtv.com\/71j_yV-_UufDZxDlrOv1Pfvl_Oc=\/0x0:1280x720\/125x0\/images\/Angers-2-0-Montpellier-J-ai-retrouve-un-esprit-collectif-apprecie-Camara-pour-sa-premiere-sur-le-banc-2065622.jpg, https:\/\/images.bfmtv.com\/cMlf6wL1pMGcd81qx1LaQahlY_U=\/0x0:1280x720\/250x0\/images\/Angers-2-0-Montpellier-J-ai-retrouve-un-esprit-collectif-apprecie-Camara-pour-sa-premiere-sur-le-banc-2065622.jpg 2x\" type=\"image\/jpeg\"><source media=\"(min-width: 300px)\" width=\"16\" height=\"9\" class=\"lozad\" srcset=\"https:\/\/images.bfmtv.com\/r-93UM4Kibt-45VYn0bQYhLgv5c=\/0x0:1280x720\/125x0\/images\/Angers-2-0-Montpellier-J-ai-retrouve-un-esprit-collectif-apprecie-Camara-pour-sa-premiere-sur-le-banc-2065622.webp, https:\/\/images.bfmtv.com\/fJUKtGLWTul4LC5te9e1KB-xTI0=\/0x0:1280x720\/250x0\/images\/Angers-2-0-Montpellier-J-ai-retrouve-un-esprit-collectif-apprecie-Camara-pour-sa-premiere-sur-le-banc-2065622.webp 2x\" type=\"image\/webp\"><source media=\"(min-width: 300px)\" width=\"16\" height=\"9\" class=\"lozad\" srcset=\"https:\/\/images.bfmtv.com\/71j_yV-_UufDZxDlrOv1Pfvl_Oc=\/0x0:1280x720\/125x0\/images\/Angers-2-0-Montpellier-J-ai-retrouve-un-esprit-collectif-apprecie-Camara-pour-sa-premiere-sur-le-banc-2065622.jpg, https:\/\/images.bfmtv.com\/cMlf6wL1pMGcd81qx1LaQahlY_U=\/0x0:1280x720\/250x0\/images\/Angers-2-0-Montpellier-J-ai-retrouve-un-esprit-collectif-apprecie-Camara-pour-sa-premiere-sur-le-banc-2065622.jpg 2x\" type=\"image\/jpeg\"><img class=\"lozad\" srcset=\"https:\/\/images.bfmtv.com\/elUp610oKhgP4b0QdGWk1Bfd7gY=\/0x0:1280x720\/283x0\/images\/Angers-2-0-Montpellier-J-ai-retrouve-un-esprit-collectif-apprecie-Camara-pour-sa-premiere-sur-le-banc-2065622.jpg 1x, https:\/\/images.bfmtv.com\/ey3xQLRBqGxxfYORtHLaWnuTfMk=\/0x0:1280x720\/566x0\/images\/Angers-2-0-Montpellier-J-ai-retrouve-un-esprit-collectif-apprecie-Camara-pour-sa-premiere-sur-le-banc-2065622.jpg 2x\" width=\"16\" height=\"9\" alt=\"Angers 2-0 Montpellier : &quot;I found a collective spirit&quot;appreciates Camara for her first on the bench\"\/><\/source><\/source><\/source><\/source><\/source><\/source><\/source><\/source><\/picture><figcaption><span class=\"video_time_zone\">1:41<\/span><\/figcaption><\/figure>\n<h3 class=\"last_videos_item_title\">Angers 2-0 Montpellier: &#8220;I found a collective spirit&#8221;, appreciates Camara for her first on the bench<\/h3>\n<\/article>\n<article class=\"last_videos_item\">\n<figure class=\"meme_sujet_picture\"><picture class=\"last_videos_item_cover with-js\"><source media=\"(min-width: 441px)\" width=\"16\" height=\"9\" class=\"lozad\" srcset=\"https:\/\/images.bfmtv.com\/glyJQAxsWSIEiR7P5YEDNeVTbW8=\/0x0:1280x720\/283x0\/images\/Le-Havre-1-5-Rennes-Je-suis-vraiment-tres-decu-reagit-Digard-apres-la-lourde-defaite-2065615.webp, https:\/\/images.bfmtv.com\/dSPpbhH5GrBLxo7sCee5OIZsUC8=\/0x0:1280x720\/566x0\/images\/Le-Havre-1-5-Rennes-Je-suis-vraiment-tres-decu-reagit-Digard-apres-la-lourde-defaite-2065615.webp 2x\" type=\"image\/webp\"><source media=\"(min-width: 441px)\" width=\"16\" height=\"9\" class=\"lozad\" srcset=\"https:\/\/images.bfmtv.com\/CdMgG_IS85dgOc21ErVp8HpvKYE=\/0x0:1280x720\/283x0\/images\/Le-Havre-1-5-Rennes-Je-suis-vraiment-tres-decu-reagit-Digard-apres-la-lourde-defaite-2065615.jpg, https:\/\/images.bfmtv.com\/jfP7DvfPtDfDXKChOey3dk0vue0=\/0x0:1280x720\/566x0\/images\/Le-Havre-1-5-Rennes-Je-suis-vraiment-tres-decu-reagit-Digard-apres-la-lourde-defaite-2065615.jpg 2x\" type=\"image\/jpeg\"><source media=\"(min-width: 361px)\" width=\"16\" height=\"9\" class=\"lozad\" srcset=\"https:\/\/images.bfmtv.com\/AX9iBA28s5zsiPsr2fHQo9pir34=\/0x0:1280x720\/125x0\/images\/Le-Havre-1-5-Rennes-Je-suis-vraiment-tres-decu-reagit-Digard-apres-la-lourde-defaite-2065615.webp, https:\/\/images.bfmtv.com\/AtYeZpzKjWNkv4dV7HXAjLYJ1y4=\/0x0:1280x720\/250x0\/images\/Le-Havre-1-5-Rennes-Je-suis-vraiment-tres-decu-reagit-Digard-apres-la-lourde-defaite-2065615.webp 2x\" type=\"image\/webp\"><source media=\"(min-width: 361px)\" width=\"16\" height=\"9\" class=\"lozad\" srcset=\"https:\/\/images.bfmtv.com\/8dFa77gyTi0NyQwghhPxgGYUhm0=\/0x0:1280x720\/125x0\/images\/Le-Havre-1-5-Rennes-Je-suis-vraiment-tres-decu-reagit-Digard-apres-la-lourde-defaite-2065615.jpg, https:\/\/images.bfmtv.com\/CCXTLN30RzWt_sddFmZX9MiqC_E=\/0x0:1280x720\/250x0\/images\/Le-Havre-1-5-Rennes-Je-suis-vraiment-tres-decu-reagit-Digard-apres-la-lourde-defaite-2065615.jpg 2x\" type=\"image\/jpeg\"><source media=\"(min-width: 321px)\" width=\"16\" height=\"9\" class=\"lozad\" srcset=\"https:\/\/images.bfmtv.com\/AX9iBA28s5zsiPsr2fHQo9pir34=\/0x0:1280x720\/125x0\/images\/Le-Havre-1-5-Rennes-Je-suis-vraiment-tres-decu-reagit-Digard-apres-la-lourde-defaite-2065615.webp, https:\/\/images.bfmtv.com\/AtYeZpzKjWNkv4dV7HXAjLYJ1y4=\/0x0:1280x720\/250x0\/images\/Le-Havre-1-5-Rennes-Je-suis-vraiment-tres-decu-reagit-Digard-apres-la-lourde-defaite-2065615.webp 2x\" type=\"image\/webp\"><source media=\"(min-width: 321px)\" width=\"16\" height=\"9\" class=\"lozad\" srcset=\"https:\/\/images.bfmtv.com\/8dFa77gyTi0NyQwghhPxgGYUhm0=\/0x0:1280x720\/125x0\/images\/Le-Havre-1-5-Rennes-Je-suis-vraiment-tres-decu-reagit-Digard-apres-la-lourde-defaite-2065615.jpg, https:\/\/images.bfmtv.com\/CCXTLN30RzWt_sddFmZX9MiqC_E=\/0x0:1280x720\/250x0\/images\/Le-Havre-1-5-Rennes-Je-suis-vraiment-tres-decu-reagit-Digard-apres-la-lourde-defaite-2065615.jpg 2x\" type=\"image\/jpeg\"><source media=\"(min-width: 300px)\" width=\"16\" height=\"9\" class=\"lozad\" srcset=\"https:\/\/images.bfmtv.com\/AX9iBA28s5zsiPsr2fHQo9pir34=\/0x0:1280x720\/125x0\/images\/Le-Havre-1-5-Rennes-Je-suis-vraiment-tres-decu-reagit-Digard-apres-la-lourde-defaite-2065615.webp, https:\/\/images.bfmtv.com\/AtYeZpzKjWNkv4dV7HXAjLYJ1y4=\/0x0:1280x720\/250x0\/images\/Le-Havre-1-5-Rennes-Je-suis-vraiment-tres-decu-reagit-Digard-apres-la-lourde-defaite-2065615.webp 2x\" type=\"image\/webp\"><source media=\"(min-width: 300px)\" width=\"16\" height=\"9\" class=\"lozad\" srcset=\"https:\/\/images.bfmtv.com\/8dFa77gyTi0NyQwghhPxgGYUhm0=\/0x0:1280x720\/125x0\/images\/Le-Havre-1-5-Rennes-Je-suis-vraiment-tres-decu-reagit-Digard-apres-la-lourde-defaite-2065615.jpg, https:\/\/images.bfmtv.com\/CCXTLN30RzWt_sddFmZX9MiqC_E=\/0x0:1280x720\/250x0\/images\/Le-Havre-1-5-Rennes-Je-suis-vraiment-tres-decu-reagit-Digard-apres-la-lourde-defaite-2065615.jpg 2x\" type=\"image\/jpeg\"><img class=\"lozad\" srcset=\"https:\/\/images.bfmtv.com\/CdMgG_IS85dgOc21ErVp8HpvKYE=\/0x0:1280x720\/283x0\/images\/Le-Havre-1-5-Rennes-Je-suis-vraiment-tres-decu-reagit-Digard-apres-la-lourde-defaite-2065615.jpg 1x, https:\/\/images.bfmtv.com\/jfP7DvfPtDfDXKChOey3dk0vue0=\/0x0:1280x720\/566x0\/images\/Le-Havre-1-5-Rennes-Je-suis-vraiment-tres-decu-reagit-Digard-apres-la-lourde-defaite-2065615.jpg 2x\" width=\"16\" height=\"9\" alt=\"Le Havre 1-5 Rennes: &quot;I am really very disappointed&quot;reacts Digard after the heavy defeat\"\/><\/source><\/source><\/source><\/source><\/source><\/source><\/source><\/source><\/picture><figcaption><span class=\"video_time_zone\">1:58<\/span><\/figcaption><\/figure>\n<h3 class=\"last_videos_item_title\">Le Havre 1-5 Rennes: &#8220;I&#39;m really very disappointed&#8221;, reacts Digard after the heavy defeat<\/h3>\n<\/article>\n<article class=\"last_videos_item\">\n<figure class=\"meme_sujet_picture\"><picture class=\"last_videos_item_cover with-js\"><source media=\"(min-width: 441px)\" width=\"16\" height=\"9\" class=\"lozad\" srcset=\"https:\/\/images.bfmtv.com\/edckg_d_tRTBd-Aw5UUpyIrixfg=\/0x0:1280x720\/283x0\/images\/ASSE-3-3-Brest-Quand-tu-menes-trois-fois-au-score-les-regrets-de-Chardonnet-apres-le-match-nul-2065596.webp, https:\/\/images.bfmtv.com\/s7ZnXvUpm2ldXG3b7_n5NsW3tGE=\/0x0:1280x720\/566x0\/images\/ASSE-3-3-Brest-Quand-tu-menes-trois-fois-au-score-les-regrets-de-Chardonnet-apres-le-match-nul-2065596.webp 2x\" type=\"image\/webp\"><source media=\"(min-width: 441px)\" width=\"16\" height=\"9\" class=\"lozad\" srcset=\"https:\/\/images.bfmtv.com\/-_HAlr5Ro0mXLFp2foQ5xfNZ7Qc=\/0x0:1280x720\/283x0\/images\/ASSE-3-3-Brest-Quand-tu-menes-trois-fois-au-score-les-regrets-de-Chardonnet-apres-le-match-nul-2065596.jpg, https:\/\/images.bfmtv.com\/Bkh-u7rNU8m2XPdJjxZ8hDXaFhE=\/0x0:1280x720\/566x0\/images\/ASSE-3-3-Brest-Quand-tu-menes-trois-fois-au-score-les-regrets-de-Chardonnet-apres-le-match-nul-2065596.jpg 2x\" type=\"image\/jpeg\"><source media=\"(min-width: 361px)\" width=\"16\" height=\"9\" class=\"lozad\" srcset=\"https:\/\/images.bfmtv.com\/2h4Xeeh0-O2L2lfp1_F04r-YNGE=\/0x0:1280x720\/125x0\/images\/ASSE-3-3-Brest-Quand-tu-menes-trois-fois-au-score-les-regrets-de-Chardonnet-apres-le-match-nul-2065596.webp, https:\/\/images.bfmtv.com\/KSWdAgCErCIdVXvSxR4jiiJ5fx0=\/0x0:1280x720\/250x0\/images\/ASSE-3-3-Brest-Quand-tu-menes-trois-fois-au-score-les-regrets-de-Chardonnet-apres-le-match-nul-2065596.webp 2x\" type=\"image\/webp\"><source media=\"(min-width: 361px)\" width=\"16\" height=\"9\" class=\"lozad\" srcset=\"https:\/\/images.bfmtv.com\/UJF1MT7IX4ZAXyesaH_NNi21QrA=\/0x0:1280x720\/125x0\/images\/ASSE-3-3-Brest-Quand-tu-menes-trois-fois-au-score-les-regrets-de-Chardonnet-apres-le-match-nul-2065596.jpg, https:\/\/images.bfmtv.com\/75cYWZiNu3mvmu-hnMMhXDuZP5k=\/0x0:1280x720\/250x0\/images\/ASSE-3-3-Brest-Quand-tu-menes-trois-fois-au-score-les-regrets-de-Chardonnet-apres-le-match-nul-2065596.jpg 2x\" type=\"image\/jpeg\"><source media=\"(min-width: 321px)\" width=\"16\" height=\"9\" class=\"lozad\" srcset=\"https:\/\/images.bfmtv.com\/2h4Xeeh0-O2L2lfp1_F04r-YNGE=\/0x0:1280x720\/125x0\/images\/ASSE-3-3-Brest-Quand-tu-menes-trois-fois-au-score-les-regrets-de-Chardonnet-apres-le-match-nul-2065596.webp, https:\/\/images.bfmtv.com\/KSWdAgCErCIdVXvSxR4jiiJ5fx0=\/0x0:1280x720\/250x0\/images\/ASSE-3-3-Brest-Quand-tu-menes-trois-fois-au-score-les-regrets-de-Chardonnet-apres-le-match-nul-2065596.webp 2x\" type=\"image\/webp\"><source media=\"(min-width: 321px)\" width=\"16\" height=\"9\" class=\"lozad\" srcset=\"https:\/\/images.bfmtv.com\/UJF1MT7IX4ZAXyesaH_NNi21QrA=\/0x0:1280x720\/125x0\/images\/ASSE-3-3-Brest-Quand-tu-menes-trois-fois-au-score-les-regrets-de-Chardonnet-apres-le-match-nul-2065596.jpg, https:\/\/images.bfmtv.com\/75cYWZiNu3mvmu-hnMMhXDuZP5k=\/0x0:1280x720\/250x0\/images\/ASSE-3-3-Brest-Quand-tu-menes-trois-fois-au-score-les-regrets-de-Chardonnet-apres-le-match-nul-2065596.jpg 2x\" type=\"image\/jpeg\"><source media=\"(min-width: 300px)\" width=\"16\" height=\"9\" class=\"lozad\" srcset=\"https:\/\/images.bfmtv.com\/2h4Xeeh0-O2L2lfp1_F04r-YNGE=\/0x0:1280x720\/125x0\/images\/ASSE-3-3-Brest-Quand-tu-menes-trois-fois-au-score-les-regrets-de-Chardonnet-apres-le-match-nul-2065596.webp, https:\/\/images.bfmtv.com\/KSWdAgCErCIdVXvSxR4jiiJ5fx0=\/0x0:1280x720\/250x0\/images\/ASSE-3-3-Brest-Quand-tu-menes-trois-fois-au-score-les-regrets-de-Chardonnet-apres-le-match-nul-2065596.webp 2x\" type=\"image\/webp\"><source media=\"(min-width: 300px)\" width=\"16\" height=\"9\" class=\"lozad\" srcset=\"https:\/\/images.bfmtv.com\/UJF1MT7IX4ZAXyesaH_NNi21QrA=\/0x0:1280x720\/125x0\/images\/ASSE-3-3-Brest-Quand-tu-menes-trois-fois-au-score-les-regrets-de-Chardonnet-apres-le-match-nul-2065596.jpg, https:\/\/images.bfmtv.com\/75cYWZiNu3mvmu-hnMMhXDuZP5k=\/0x0:1280x720\/250x0\/images\/ASSE-3-3-Brest-Quand-tu-menes-trois-fois-au-score-les-regrets-de-Chardonnet-apres-le-match-nul-2065596.jpg 2x\" type=\"image\/jpeg\"><img class=\"lozad\" srcset=\"https:\/\/images.bfmtv.com\/-_HAlr5Ro0mXLFp2foQ5xfNZ7Qc=\/0x0:1280x720\/283x0\/images\/ASSE-3-3-Brest-Quand-tu-menes-trois-fois-au-score-les-regrets-de-Chardonnet-apres-le-match-nul-2065596.jpg 1x, https:\/\/images.bfmtv.com\/Bkh-u7rNU8m2XPdJjxZ8hDXaFhE=\/0x0:1280x720\/566x0\/images\/ASSE-3-3-Brest-Quand-tu-menes-trois-fois-au-score-les-regrets-de-Chardonnet-apres-le-match-nul-2065596.jpg 2x\" width=\"16\" height=\"9\" alt=\"ASSE 3-3 Brest : &quot;When you lead the score three times ...&quot;CHARDONNET&#39;s regrets after the draw\"\/><\/source><\/source><\/source><\/source><\/source><\/source><\/source><\/source><\/picture><figcaption><span class=\"video_time_zone\">1:56<\/span><\/figcaption><\/figure>\n<h3 class=\"last_videos_item_title\">ASSE 3-3 Brest: &#8220;When you lead the score three times &#8230;&#8221;, Les R\u00e9grets de Chardonnet after the draw<\/h3>\n<\/article>\n<\/div>\n<\/section>\n<\/div>\n<\/div>\n<p><template id=\"controlPanel_VOD_Desktop\"\/><template id=\"previewBlock_Desktop\"><\/p>\n<div class=\"previewBlock\"><a class=\"jumpToVideo\" target=\"_blank\"><\/p>\n<div class=\"thumbnailContainer\"><img class=\"thumbnailPreview\"\/><\/div>\n<p><\/a><\/div>\n<p><\/template><template id=\"controlPanel_VOD_Mobile\"\/><template id=\"controlPanel_LIVE_Desktop\"\/><template id=\"controlPanel_LIVE_Mobile\"\/><template id=\"errorTemplate\"\/><\/main><\/body><\/div>\n<p>[ad_2]<\/p>\n","protected":false},"excerpt":{"rendered":"<p>[ad_1] Ligue 1: OM, Monaco, OL &#8230; The calendar of contenders for the Champions League On the same subject 3:23 OM: President&#39;s costume too big for Longoria? Di Meco wonders &hellip; <\/p>\n","protected":false},"author":6,"featured_media":2467,"comment_status":"open","ping_status":"open","sticky":false,"template":"","format":"standard","meta":{"_jetpack_memberships_contains_paid_content":false,"footnotes":""},"categories":[3],"tags":[],"class_list":["post-2466","post","type-post","status-publish","format-standard","has-post-thumbnail","hentry","category-football"],"yoast_head":"<!-- This site is optimized with the Yoast SEO plugin v27.4 - https:\/\/yoast.com\/product\/yoast-seo-wordpress\/ -->\n<title>OM, Monaco, Ol ... The Calendar of suitors in the Champions League - Asport<\/title>\n<meta name=\"robots\" content=\"index, follow, max-snippet:-1, max-image-preview:large, max-video-preview:-1\" \/>\n<link rel=\"canonical\" href=\"https:\/\/asport.com.ng\/?p=2466\" \/>\n<meta property=\"og:locale\" content=\"en_US\" \/>\n<meta property=\"og:type\" content=\"article\" \/>\n<meta property=\"og:title\" content=\"OM, Monaco, Ol ... The Calendar of suitors in the Champions League - Asport\" \/>\n<meta property=\"og:description\" content=\"[ad_1] Ligue 1: OM, Monaco, OL &#8230; The calendar of contenders for the Champions League On the same subject 3:23 OM: President&#039;s costume too big for Longoria? Di Meco wonders &hellip;\" \/>\n<meta property=\"og:url\" content=\"https:\/\/asport.com.ng\/?p=2466\" \/>\n<meta property=\"og:site_name\" content=\"Asport\" \/>\n<meta property=\"article:published_time\" content=\"2025-04-15T15:45:29+00:00\" \/>\n<meta name=\"author\" content=\"Admin1\" \/>\n<meta name=\"twitter:card\" content=\"summary_large_image\" \/>\n<meta name=\"twitter:label1\" content=\"Written by\" \/>\n\t<meta name=\"twitter:data1\" content=\"Admin1\" \/>\n\t<meta name=\"twitter:label2\" content=\"Est. reading time\" \/>\n\t<meta name=\"twitter:data2\" content=\"1 minute\" \/>\n<script type=\"application\/ld+json\" class=\"yoast-schema-graph\">{\"@context\":\"https:\\\/\\\/schema.org\",\"@graph\":[{\"@type\":\"Article\",\"@id\":\"https:\\\/\\\/asport.com.ng\\\/?p=2466#article\",\"isPartOf\":{\"@id\":\"https:\\\/\\\/asport.com.ng\\\/?p=2466\"},\"author\":{\"name\":\"Admin1\",\"@id\":\"https:\\\/\\\/asport.com.ng\\\/#\\\/schema\\\/person\\\/a63da2e56319023144668e6717055c09\"},\"headline\":\"OM, Monaco, Ol &#8230; The Calendar of suitors in the Champions League\",\"datePublished\":\"2025-04-15T15:45:29+00:00\",\"mainEntityOfPage\":{\"@id\":\"https:\\\/\\\/asport.com.ng\\\/?p=2466\"},\"wordCount\":213,\"commentCount\":0,\"image\":{\"@id\":\"https:\\\/\\\/asport.com.ng\\\/?p=2466#primaryimage\"},\"thumbnailUrl\":\"\",\"articleSection\":[\"FOOTBALL\"],\"inLanguage\":\"en-US\",\"potentialAction\":[{\"@type\":\"CommentAction\",\"name\":\"Comment\",\"target\":[\"https:\\\/\\\/asport.com.ng\\\/?p=2466#respond\"]}]},{\"@type\":\"WebPage\",\"@id\":\"https:\\\/\\\/asport.com.ng\\\/?p=2466\",\"url\":\"https:\\\/\\\/asport.com.ng\\\/?p=2466\",\"name\":\"OM, Monaco, Ol ... The Calendar of suitors in the Champions League - Asport\",\"isPartOf\":{\"@id\":\"https:\\\/\\\/asport.com.ng\\\/#website\"},\"primaryImageOfPage\":{\"@id\":\"https:\\\/\\\/asport.com.ng\\\/?p=2466#primaryimage\"},\"image\":{\"@id\":\"https:\\\/\\\/asport.com.ng\\\/?p=2466#primaryimage\"},\"thumbnailUrl\":\"\",\"datePublished\":\"2025-04-15T15:45:29+00:00\",\"author\":{\"@id\":\"https:\\\/\\\/asport.com.ng\\\/#\\\/schema\\\/person\\\/a63da2e56319023144668e6717055c09\"},\"breadcrumb\":{\"@id\":\"https:\\\/\\\/asport.com.ng\\\/?p=2466#breadcrumb\"},\"inLanguage\":\"en-US\",\"potentialAction\":[{\"@type\":\"ReadAction\",\"target\":[\"https:\\\/\\\/asport.com.ng\\\/?p=2466\"]}]},{\"@type\":\"ImageObject\",\"inLanguage\":\"en-US\",\"@id\":\"https:\\\/\\\/asport.com.ng\\\/?p=2466#primaryimage\",\"url\":\"\",\"contentUrl\":\"\"},{\"@type\":\"BreadcrumbList\",\"@id\":\"https:\\\/\\\/asport.com.ng\\\/?p=2466#breadcrumb\",\"itemListElement\":[{\"@type\":\"ListItem\",\"position\":1,\"name\":\"Home\",\"item\":\"https:\\\/\\\/asport.com.ng\\\/\"},{\"@type\":\"ListItem\",\"position\":2,\"name\":\"OM, Monaco, Ol &#8230; The Calendar of suitors in the Champions League\"}]},{\"@type\":\"WebSite\",\"@id\":\"https:\\\/\\\/asport.com.ng\\\/#website\",\"url\":\"https:\\\/\\\/asport.com.ng\\\/\",\"name\":\"Asport\",\"description\":\"Always for Sport\",\"potentialAction\":[{\"@type\":\"SearchAction\",\"target\":{\"@type\":\"EntryPoint\",\"urlTemplate\":\"https:\\\/\\\/asport.com.ng\\\/?s={search_term_string}\"},\"query-input\":{\"@type\":\"PropertyValueSpecification\",\"valueRequired\":true,\"valueName\":\"search_term_string\"}}],\"inLanguage\":\"en-US\"},{\"@type\":\"Person\",\"@id\":\"https:\\\/\\\/asport.com.ng\\\/#\\\/schema\\\/person\\\/a63da2e56319023144668e6717055c09\",\"name\":\"Admin1\",\"image\":{\"@type\":\"ImageObject\",\"inLanguage\":\"en-US\",\"@id\":\"https:\\\/\\\/secure.gravatar.com\\\/avatar\\\/d3f1a3acc2b5542dbfb9acb9f1c3f1ed07e528b7aa9bb345a0ba2eaa8c84ffb0?s=96&d=mm&r=g\",\"url\":\"https:\\\/\\\/secure.gravatar.com\\\/avatar\\\/d3f1a3acc2b5542dbfb9acb9f1c3f1ed07e528b7aa9bb345a0ba2eaa8c84ffb0?s=96&d=mm&r=g\",\"contentUrl\":\"https:\\\/\\\/secure.gravatar.com\\\/avatar\\\/d3f1a3acc2b5542dbfb9acb9f1c3f1ed07e528b7aa9bb345a0ba2eaa8c84ffb0?s=96&d=mm&r=g\",\"caption\":\"Admin1\"},\"url\":\"https:\\\/\\\/asport.com.ng\\\/?author=6\"}]}<\/script>\n<!-- \/ Yoast SEO plugin. -->","yoast_head_json":{"title":"OM, Monaco, Ol ... The Calendar of suitors in the Champions League - Asport","robots":{"index":"index","follow":"follow","max-snippet":"max-snippet:-1","max-image-preview":"max-image-preview:large","max-video-preview":"max-video-preview:-1"},"canonical":"https:\/\/asport.com.ng\/?p=2466","og_locale":"en_US","og_type":"article","og_title":"OM, Monaco, Ol ... The Calendar of suitors in the Champions League - Asport","og_description":"[ad_1] Ligue 1: OM, Monaco, OL &#8230; The calendar of contenders for the Champions League On the same subject 3:23 OM: President&#39;s costume too big for Longoria? Di Meco wonders &hellip;","og_url":"https:\/\/asport.com.ng\/?p=2466","og_site_name":"Asport","article_published_time":"2025-04-15T15:45:29+00:00","author":"Admin1","twitter_card":"summary_large_image","twitter_misc":{"Written by":"Admin1","Est. reading time":"1 minute"},"schema":{"@context":"https:\/\/schema.org","@graph":[{"@type":"Article","@id":"https:\/\/asport.com.ng\/?p=2466#article","isPartOf":{"@id":"https:\/\/asport.com.ng\/?p=2466"},"author":{"name":"Admin1","@id":"https:\/\/asport.com.ng\/#\/schema\/person\/a63da2e56319023144668e6717055c09"},"headline":"OM, Monaco, Ol &#8230; The Calendar of suitors in the Champions League","datePublished":"2025-04-15T15:45:29+00:00","mainEntityOfPage":{"@id":"https:\/\/asport.com.ng\/?p=2466"},"wordCount":213,"commentCount":0,"image":{"@id":"https:\/\/asport.com.ng\/?p=2466#primaryimage"},"thumbnailUrl":"","articleSection":["FOOTBALL"],"inLanguage":"en-US","potentialAction":[{"@type":"CommentAction","name":"Comment","target":["https:\/\/asport.com.ng\/?p=2466#respond"]}]},{"@type":"WebPage","@id":"https:\/\/asport.com.ng\/?p=2466","url":"https:\/\/asport.com.ng\/?p=2466","name":"OM, Monaco, Ol ... The Calendar of suitors in the Champions League - Asport","isPartOf":{"@id":"https:\/\/asport.com.ng\/#website"},"primaryImageOfPage":{"@id":"https:\/\/asport.com.ng\/?p=2466#primaryimage"},"image":{"@id":"https:\/\/asport.com.ng\/?p=2466#primaryimage"},"thumbnailUrl":"","datePublished":"2025-04-15T15:45:29+00:00","author":{"@id":"https:\/\/asport.com.ng\/#\/schema\/person\/a63da2e56319023144668e6717055c09"},"breadcrumb":{"@id":"https:\/\/asport.com.ng\/?p=2466#breadcrumb"},"inLanguage":"en-US","potentialAction":[{"@type":"ReadAction","target":["https:\/\/asport.com.ng\/?p=2466"]}]},{"@type":"ImageObject","inLanguage":"en-US","@id":"https:\/\/asport.com.ng\/?p=2466#primaryimage","url":"","contentUrl":""},{"@type":"BreadcrumbList","@id":"https:\/\/asport.com.ng\/?p=2466#breadcrumb","itemListElement":[{"@type":"ListItem","position":1,"name":"Home","item":"https:\/\/asport.com.ng\/"},{"@type":"ListItem","position":2,"name":"OM, Monaco, Ol &#8230; The Calendar of suitors in the Champions League"}]},{"@type":"WebSite","@id":"https:\/\/asport.com.ng\/#website","url":"https:\/\/asport.com.ng\/","name":"Asport","description":"Always for Sport","potentialAction":[{"@type":"SearchAction","target":{"@type":"EntryPoint","urlTemplate":"https:\/\/asport.com.ng\/?s={search_term_string}"},"query-input":{"@type":"PropertyValueSpecification","valueRequired":true,"valueName":"search_term_string"}}],"inLanguage":"en-US"},{"@type":"Person","@id":"https:\/\/asport.com.ng\/#\/schema\/person\/a63da2e56319023144668e6717055c09","name":"Admin1","image":{"@type":"ImageObject","inLanguage":"en-US","@id":"https:\/\/secure.gravatar.com\/avatar\/d3f1a3acc2b5542dbfb9acb9f1c3f1ed07e528b7aa9bb345a0ba2eaa8c84ffb0?s=96&d=mm&r=g","url":"https:\/\/secure.gravatar.com\/avatar\/d3f1a3acc2b5542dbfb9acb9f1c3f1ed07e528b7aa9bb345a0ba2eaa8c84ffb0?s=96&d=mm&r=g","contentUrl":"https:\/\/secure.gravatar.com\/avatar\/d3f1a3acc2b5542dbfb9acb9f1c3f1ed07e528b7aa9bb345a0ba2eaa8c84ffb0?s=96&d=mm&r=g","caption":"Admin1"},"url":"https:\/\/asport.com.ng\/?author=6"}]}},"jetpack_featured_media_url":"","jetpack_sharing_enabled":true,"_links":{"self":[{"href":"https:\/\/asport.com.ng\/index.php?rest_route=\/wp\/v2\/posts\/2466","targetHints":{"allow":["GET"]}}],"collection":[{"href":"https:\/\/asport.com.ng\/index.php?rest_route=\/wp\/v2\/posts"}],"about":[{"href":"https:\/\/asport.com.ng\/index.php?rest_route=\/wp\/v2\/types\/post"}],"author":[{"embeddable":true,"href":"https:\/\/asport.com.ng\/index.php?rest_route=\/wp\/v2\/users\/6"}],"replies":[{"embeddable":true,"href":"https:\/\/asport.com.ng\/index.php?rest_route=%2Fwp%2Fv2%2Fcomments&post=2466"}],"version-history":[{"count":0,"href":"https:\/\/asport.com.ng\/index.php?rest_route=\/wp\/v2\/posts\/2466\/revisions"}],"wp:featuredmedia":[{"embeddable":true,"href":"https:\/\/asport.com.ng\/index.php?rest_route=\/"}],"wp:attachment":[{"href":"https:\/\/asport.com.ng\/index.php?rest_route=%2Fwp%2Fv2%2Fmedia&parent=2466"}],"wp:term":[{"taxonomy":"category","embeddable":true,"href":"https:\/\/asport.com.ng\/index.php?rest_route=%2Fwp%2Fv2%2Fcategories&post=2466"},{"taxonomy":"post_tag","embeddable":true,"href":"https:\/\/asport.com.ng\/index.php?rest_route=%2Fwp%2Fv2%2Ftags&post=2466"}],"curies":[{"name":"wp","href":"https:\/\/api.w.org\/{rel}","templated":true}]}}