{"id":3640,"date":"2025-04-17T14:06:10","date_gmt":"2025-04-17T14:06:10","guid":{"rendered":"https:\/\/asport.com.ng\/?p=3640"},"modified":"2025-04-17T14:06:10","modified_gmt":"2025-04-17T14:06:10","slug":"a-horrible-and-unworthy-match-petit-reacts-to-the-elimination-of-real","status":"publish","type":"post","link":"https:\/\/asport.com.ng\/?p=3640","title":{"rendered":"&#8220;A horrible and unworthy match&#8221;, Petit reacts to the elimination of Real"},"content":{"rendered":"<p> [ad_1]<br \/>\n<\/p>\n<div><head><meta charset=\"UTF-8\"\/><title>&#8220;A horrible and unworthy match&#8221;, Petit reacts to the elimination of Real<\/title><link rel=\"icon\" href=\"https:\/\/rmcsport.bfmtv.com\/favicon.ico\"\/><link rel=\"icon\" type=\"image\/png\" href=\"https:\/\/rmcsport.bfmtv.com\/favicon.png\"\/><link rel=\"icon\" type=\"image\/png\" sizes=\"192x192\" href=\"https:\/\/rmcsport.bfmtv.com\/android-icon-192x192.png\"\/><link rel=\"apple-touch-icon-precomposed\" sizes=\"76x76\" href=\"https:\/\/rmcsport.bfmtv.com\/apple-icon-76x76.png\"\/><link rel=\"apple-touch-icon-precomposed\" sizes=\"120x120\" href=\"https:\/\/rmcsport.bfmtv.com\/apple-icon-120x120.png\"\/><link rel=\"apple-touch-icon-precomposed\" sizes=\"152x152\" href=\"https:\/\/rmcsport.bfmtv.com\/apple-icon-152x152.png\"\/><link rel=\"apple-touch-icon-precomposed\" sizes=\"180x180\" href=\"https:\/\/rmcsport.bfmtv.com\/apple-icon-180x180.png\"\/><link rel=\"apple-touch-icon-precomposed\" sizes=\"228x228\" href=\"https:\/\/rmcsport.bfmtv.com\/apple-icon-228x228.png\"\/><meta name=\"description\" content=\"VIDEO - Apr\u00e8s l'\u00e9limination du Real Madrid face \u00e0 Arsenal (3-0\/1-2), Emmanuel Petit a qualifi\u00e9 la performance des Merengues &quot;d'horrible et indigne&quot;. Il souligne \u00e9galement l'\u00e9norme chantier qui attendra le club de la capitale espagnole au mercato estival pour r\u00e9gler les nombreux probl\u00e8mes qui composent l'\u00e9quipe.\u00a0\"\/><link rel=\"canonical\" href=\"https:\/\/rmcsport.bfmtv.com\/replay-emissions\/after-foot\/un-match-horrible-et-indigne-petit-reagit-a-l-elimination-du-real_VN-202504170353.html\"\/><meta name=\"robots\" content=\"index, follow, noarchive, max-snippet:-1, max-image-preview:large, max-video-preview:10\"\/><meta name=\"viewport\" content=\"width=device-width,initial-scale=1\"\/><link rel=\"preload\" href=\"https:\/\/rmcsport.bfmtv.com\/assets\/v8\/fonts\/DiamanteSerial-Medium.1f3f047e3caca7d33e8d2ede0bec0c75.woff2\" crossorigin=\"anonymous\" as=\"font\" type=\"font\/woff2\"\/><link rel=\"preload\" href=\"https:\/\/rmcsport.bfmtv.com\/assets\/v8\/fonts\/DiamanteSerial-Bold.484d4f6aaa3b796287b7898e63e6cf1c.woff2\" crossorigin=\"anonymous\" as=\"font\" type=\"font\/woff2\"\/><link rel=\"preload\" href=\"https:\/\/rmcsport.bfmtv.com\/assets\/v8\/fonts\/ArchivoNarrow-SemiBold.36c9c6b27bf721b51fdc403d729910b9.woff2\" crossorigin=\"anonymous\" as=\"font\" type=\"font\/woff2\"\/><link rel=\"stylesheet\" href=\"https:\/\/rmcsport.bfmtv.com\/assets\/v8\/css\/global.4d2af6a72702f671c7dc.css\"\/><link rel=\"stylesheet\" href=\"https:\/\/rmcsport.bfmtv.com\/assets\/v8\/css\/smartadserver.94de06b6f61a1cb8f3f6.css\"\/><link rel=\"stylesheet\" href=\"https:\/\/rmcsport.bfmtv.com\/assets\/v8\/css\/video.f7eb5110cbc5ab0de65c.css\"\/><noscript><link rel=\"stylesheet\" href=\"https:\/\/rmcsport.bfmtv.com\/assets\/v8\/css\/no_script.92084310764ea3b77b44.css\"\/><\/noscript><meta property=\"og:site_name\" content=\"RMC Sport\"\/><meta property=\"og:locale\" content=\"fr_FR\"\/><meta property=\"fb:app_id\" content=\"490406875219182\"\/><meta property=\"fb:pages\" content=\"114880941889932\"\/><meta property=\"fb:pages\" content=\"116615495710699\"\/><meta property=\"fb:pages\" content=\"443782185986987\"\/><meta property=\"fb:pages\" content=\"384738301607338\"\/><meta property=\"fb:pages\" content=\"263983707533681\"\/><meta property=\"fb:pages\" content=\"111611498853031\"\/><meta property=\"fb:pages\" content=\"1097986846959406\"\/><meta property=\"fb:pages\" content=\"874043412667840\"\/><meta property=\"fb:pages\" content=\"886247048130648\"\/><meta property=\"fb:pages\" content=\"43896752783\"\/><meta property=\"fb:pages\" content=\"298338800285256\"\/><meta property=\"fb:pages\" content=\"141447529235003\"\/><meta property=\"fb:pages\" content=\"539674919756797\"\/><meta property=\"fb:pages\" content=\"8384653093\"\/><meta property=\"fb:pages\" content=\"43896752783\"\/><meta property=\"fb:pages\" content=\"661606280851357\"\/><meta property=\"fb:pages\" content=\"220487698770666\"\/><meta property=\"fb:pages\" content=\"181484392496020\"\/><meta property=\"fb:pages\" content=\"149720398400279\"\/><meta property=\"fb:pages\" content=\"366964557189705\"\/><meta property=\"fb:pages\" content=\"296734273808293\"\/><meta property=\"fb:pages\" content=\"1460664010617764\"\/><meta property=\"fb:pages\" content=\"101328520006729\"\/><meta property=\"fb:pages\" content=\"136162090180795\"\/><meta property=\"fb:pages\" content=\"432735060120753\"\/><meta property=\"og:url\" content=\"https:\/\/rmcsport.bfmtv.com\/replay-emissions\/after-foot\/un-match-horrible-et-indigne-petit-reagit-a-l-elimination-du-real_VN-202504170353.html\"\/><meta property=\"og:type\" content=\"video.other\"\/><meta property=\"og:title\" content=\"&quot;Un match horrible et indigne&quot;, Petit r\u00e9agit \u00e0 l'\u00e9limination du Real\"\/><meta property=\"og:description\" content=\"VIDEO - Apr\u00e8s l'\u00e9limination du Real Madrid face \u00e0 Arsenal (3-0\/1-2), Emmanuel Petit a qualifi\u00e9 la performance des Merengues &quot;d'horrible et indigne&quot;. Il souligne \u00e9galement l'\u00e9norme chantier qui attendra le club de la capitale espagnole au mercato estival pour r\u00e9gler les nombreux probl\u00e8mes qui composent l'\u00e9quipe.\u00a0\"\/><meta property=\"og:image\" content=\"https:\/\/images.bfmtv.com\/S3h2nGAHxtDZ4QGcPBeIXxFFy54=\/0x0:1280x720\/images\/Un-match-horrible-et-indigne-Petit-reagit-a-l-elimination-du-Real-2067793.jpg\"\/><meta property=\"og:image:type\" content=\"image\/jpeg\"\/><meta property=\"og:image:height\" content=\"720\"\/><meta property=\"og:image:width\" content=\"1280\"\/><meta name=\"twitter:card\" content=\"summary_large_image\"\/><meta name=\"twitter:site\" content=\"@RMCSport\"\/><meta name=\"twitter:creator\" content=\"@RMCSport\"\/><meta name=\"apple-itunes-app\" content=\"app-id=1101673517\"\/><\/head><body class=\"rmcsport\" id=\"wp_automatic_ReadabilityBody\"><\/p>\n<header class=\"main_header nojs\" id=\"main_header\">\n<nav role=\"navigation\" class=\"nav_primary\" aria-label=\"Main\"\/><\/header>\n<p><main class=\"main_wrapper video_wrapper\" id=\"main_wrapper\"><\/p>\n<div class=\"grid_wrapper\">\n<div class=\"grid_column grid_column_abc\">\n<section class=\"block_video_section\">\n<h2 class=\"section_title\">On the same subject<\/h2>\n<div class=\"last_videos_wrapper\">\n<article class=\"last_videos_item active\">\n<figure class=\"meme_sujet_picture\"><picture class=\"last_videos_item_cover with-js\"><source media=\"(min-width: 441px)\" width=\"16\" height=\"9\" class=\"lozad\" srcset=\"https:\/\/images.bfmtv.com\/jREWxDzR17Zisv-0aDhAXnEMAIk=\/0x0:1280x720\/283x0\/images\/Un-match-horrible-et-indigne-Petit-reagit-a-l-elimination-du-Real-2067793.webp, https:\/\/images.bfmtv.com\/X9vXWsIHnA10jCQs87QakkBHaHQ=\/0x0:1280x720\/566x0\/images\/Un-match-horrible-et-indigne-Petit-reagit-a-l-elimination-du-Real-2067793.webp 2x\" type=\"image\/webp\"><source media=\"(min-width: 441px)\" width=\"16\" height=\"9\" class=\"lozad\" srcset=\"https:\/\/images.bfmtv.com\/KGKlt4IBHvp9cWR8SMkn4XwL4yQ=\/0x0:1280x720\/283x0\/images\/Un-match-horrible-et-indigne-Petit-reagit-a-l-elimination-du-Real-2067793.jpg, https:\/\/images.bfmtv.com\/1EDvjkIEZdMYRRq9deXpJDKCDBQ=\/0x0:1280x720\/566x0\/images\/Un-match-horrible-et-indigne-Petit-reagit-a-l-elimination-du-Real-2067793.jpg 2x\" type=\"image\/jpeg\"><source media=\"(min-width: 361px)\" width=\"16\" height=\"9\" class=\"lozad\" srcset=\"https:\/\/images.bfmtv.com\/IDXqllv9Pmbnoku2_Gw8r073XYs=\/0x0:1280x720\/125x0\/images\/Un-match-horrible-et-indigne-Petit-reagit-a-l-elimination-du-Real-2067793.webp, https:\/\/images.bfmtv.com\/W0MeIeNpZ9niTdIJvIEVWA6ChoA=\/0x0:1280x720\/250x0\/images\/Un-match-horrible-et-indigne-Petit-reagit-a-l-elimination-du-Real-2067793.webp 2x\" type=\"image\/webp\"><source media=\"(min-width: 361px)\" width=\"16\" height=\"9\" class=\"lozad\" srcset=\"https:\/\/images.bfmtv.com\/P3OA-tKPac07fK0qRWxnfRwNZWM=\/0x0:1280x720\/125x0\/images\/Un-match-horrible-et-indigne-Petit-reagit-a-l-elimination-du-Real-2067793.jpg, https:\/\/images.bfmtv.com\/w24HV7jEPcsu0X-Qse1r7ta_7BE=\/0x0:1280x720\/250x0\/images\/Un-match-horrible-et-indigne-Petit-reagit-a-l-elimination-du-Real-2067793.jpg 2x\" type=\"image\/jpeg\"><source media=\"(min-width: 321px)\" width=\"16\" height=\"9\" class=\"lozad\" srcset=\"https:\/\/images.bfmtv.com\/IDXqllv9Pmbnoku2_Gw8r073XYs=\/0x0:1280x720\/125x0\/images\/Un-match-horrible-et-indigne-Petit-reagit-a-l-elimination-du-Real-2067793.webp, https:\/\/images.bfmtv.com\/W0MeIeNpZ9niTdIJvIEVWA6ChoA=\/0x0:1280x720\/250x0\/images\/Un-match-horrible-et-indigne-Petit-reagit-a-l-elimination-du-Real-2067793.webp 2x\" type=\"image\/webp\"><source media=\"(min-width: 321px)\" width=\"16\" height=\"9\" class=\"lozad\" srcset=\"https:\/\/images.bfmtv.com\/P3OA-tKPac07fK0qRWxnfRwNZWM=\/0x0:1280x720\/125x0\/images\/Un-match-horrible-et-indigne-Petit-reagit-a-l-elimination-du-Real-2067793.jpg, https:\/\/images.bfmtv.com\/w24HV7jEPcsu0X-Qse1r7ta_7BE=\/0x0:1280x720\/250x0\/images\/Un-match-horrible-et-indigne-Petit-reagit-a-l-elimination-du-Real-2067793.jpg 2x\" type=\"image\/jpeg\"><source media=\"(min-width: 300px)\" width=\"16\" height=\"9\" class=\"lozad\" srcset=\"https:\/\/images.bfmtv.com\/IDXqllv9Pmbnoku2_Gw8r073XYs=\/0x0:1280x720\/125x0\/images\/Un-match-horrible-et-indigne-Petit-reagit-a-l-elimination-du-Real-2067793.webp, https:\/\/images.bfmtv.com\/W0MeIeNpZ9niTdIJvIEVWA6ChoA=\/0x0:1280x720\/250x0\/images\/Un-match-horrible-et-indigne-Petit-reagit-a-l-elimination-du-Real-2067793.webp 2x\" type=\"image\/webp\"><source media=\"(min-width: 300px)\" width=\"16\" height=\"9\" class=\"lozad\" srcset=\"https:\/\/images.bfmtv.com\/P3OA-tKPac07fK0qRWxnfRwNZWM=\/0x0:1280x720\/125x0\/images\/Un-match-horrible-et-indigne-Petit-reagit-a-l-elimination-du-Real-2067793.jpg, https:\/\/images.bfmtv.com\/w24HV7jEPcsu0X-Qse1r7ta_7BE=\/0x0:1280x720\/250x0\/images\/Un-match-horrible-et-indigne-Petit-reagit-a-l-elimination-du-Real-2067793.jpg 2x\" type=\"image\/jpeg\"><img class=\"lozad\" srcset=\"https:\/\/images.bfmtv.com\/KGKlt4IBHvp9cWR8SMkn4XwL4yQ=\/0x0:1280x720\/283x0\/images\/Un-match-horrible-et-indigne-Petit-reagit-a-l-elimination-du-Real-2067793.jpg 1x, https:\/\/images.bfmtv.com\/1EDvjkIEZdMYRRq9deXpJDKCDBQ=\/0x0:1280x720\/566x0\/images\/Un-match-horrible-et-indigne-Petit-reagit-a-l-elimination-du-Real-2067793.jpg 2x\" width=\"16\" height=\"9\" alt=\"&quot;A horrible and unworthy match&quot;Petit reacts to the elimination of Real\"\/><\/source><\/source><\/source><\/source><\/source><\/source><\/source><\/source><\/picture><figcaption><span class=\"video_en_cours\">reading<\/span><\/figcaption><\/figure>\n<h3 class=\"last_videos_item_title\">&#8220;A horrible and unworthy match&#8221;, Petit reacts to the elimination of Real<\/h3>\n<\/article>\n<article class=\"last_videos_item\">\n<figure class=\"meme_sujet_picture\"><picture class=\"last_videos_item_cover with-js\"><source media=\"(min-width: 441px)\" width=\"16\" height=\"9\" class=\"lozad\" srcset=\"https:\/\/images.bfmtv.com\/6rZQb6iaorzLYVH3FlyKjNEKKws=\/0x0:1280x720\/283x0\/images\/Manchester-United-OL-Ca-fait-longtemps-que-Lyon-n-a-pas-marque-les-esprits-au-niveau-europeen-analyse-Riolo-2067779.webp, https:\/\/images.bfmtv.com\/2vHGv33oI-akzfcAjZKF5ylFXKI=\/0x0:1280x720\/566x0\/images\/Manchester-United-OL-Ca-fait-longtemps-que-Lyon-n-a-pas-marque-les-esprits-au-niveau-europeen-analyse-Riolo-2067779.webp 2x\" type=\"image\/webp\"><source media=\"(min-width: 441px)\" width=\"16\" height=\"9\" class=\"lozad\" srcset=\"https:\/\/images.bfmtv.com\/qMmDWD2hgqdYDtH_Cv7FiArcW3M=\/0x0:1280x720\/283x0\/images\/Manchester-United-OL-Ca-fait-longtemps-que-Lyon-n-a-pas-marque-les-esprits-au-niveau-europeen-analyse-Riolo-2067779.jpg, https:\/\/images.bfmtv.com\/FKcsId8FLPN6p5ceE4SSs6FoaB8=\/0x0:1280x720\/566x0\/images\/Manchester-United-OL-Ca-fait-longtemps-que-Lyon-n-a-pas-marque-les-esprits-au-niveau-europeen-analyse-Riolo-2067779.jpg 2x\" type=\"image\/jpeg\"><source media=\"(min-width: 361px)\" width=\"16\" height=\"9\" class=\"lozad\" srcset=\"https:\/\/images.bfmtv.com\/4iuNR4cFh-F2omdqBYYXA7h6EGU=\/0x0:1280x720\/125x0\/images\/Manchester-United-OL-Ca-fait-longtemps-que-Lyon-n-a-pas-marque-les-esprits-au-niveau-europeen-analyse-Riolo-2067779.webp, https:\/\/images.bfmtv.com\/kqHnWOQaXY0f_5cDZeRMUkzXHJU=\/0x0:1280x720\/250x0\/images\/Manchester-United-OL-Ca-fait-longtemps-que-Lyon-n-a-pas-marque-les-esprits-au-niveau-europeen-analyse-Riolo-2067779.webp 2x\" type=\"image\/webp\"><source media=\"(min-width: 361px)\" width=\"16\" height=\"9\" class=\"lozad\" srcset=\"https:\/\/images.bfmtv.com\/ObwuAnhYjAybqrxtty--JKy-gCY=\/0x0:1280x720\/125x0\/images\/Manchester-United-OL-Ca-fait-longtemps-que-Lyon-n-a-pas-marque-les-esprits-au-niveau-europeen-analyse-Riolo-2067779.jpg, https:\/\/images.bfmtv.com\/Y3SFv4MIviU2pxM0nLrFMlc7djg=\/0x0:1280x720\/250x0\/images\/Manchester-United-OL-Ca-fait-longtemps-que-Lyon-n-a-pas-marque-les-esprits-au-niveau-europeen-analyse-Riolo-2067779.jpg 2x\" type=\"image\/jpeg\"><source media=\"(min-width: 321px)\" width=\"16\" height=\"9\" class=\"lozad\" srcset=\"https:\/\/images.bfmtv.com\/4iuNR4cFh-F2omdqBYYXA7h6EGU=\/0x0:1280x720\/125x0\/images\/Manchester-United-OL-Ca-fait-longtemps-que-Lyon-n-a-pas-marque-les-esprits-au-niveau-europeen-analyse-Riolo-2067779.webp, https:\/\/images.bfmtv.com\/kqHnWOQaXY0f_5cDZeRMUkzXHJU=\/0x0:1280x720\/250x0\/images\/Manchester-United-OL-Ca-fait-longtemps-que-Lyon-n-a-pas-marque-les-esprits-au-niveau-europeen-analyse-Riolo-2067779.webp 2x\" type=\"image\/webp\"><source media=\"(min-width: 321px)\" width=\"16\" height=\"9\" class=\"lozad\" srcset=\"https:\/\/images.bfmtv.com\/ObwuAnhYjAybqrxtty--JKy-gCY=\/0x0:1280x720\/125x0\/images\/Manchester-United-OL-Ca-fait-longtemps-que-Lyon-n-a-pas-marque-les-esprits-au-niveau-europeen-analyse-Riolo-2067779.jpg, https:\/\/images.bfmtv.com\/Y3SFv4MIviU2pxM0nLrFMlc7djg=\/0x0:1280x720\/250x0\/images\/Manchester-United-OL-Ca-fait-longtemps-que-Lyon-n-a-pas-marque-les-esprits-au-niveau-europeen-analyse-Riolo-2067779.jpg 2x\" type=\"image\/jpeg\"><source media=\"(min-width: 300px)\" width=\"16\" height=\"9\" class=\"lozad\" srcset=\"https:\/\/images.bfmtv.com\/4iuNR4cFh-F2omdqBYYXA7h6EGU=\/0x0:1280x720\/125x0\/images\/Manchester-United-OL-Ca-fait-longtemps-que-Lyon-n-a-pas-marque-les-esprits-au-niveau-europeen-analyse-Riolo-2067779.webp, https:\/\/images.bfmtv.com\/kqHnWOQaXY0f_5cDZeRMUkzXHJU=\/0x0:1280x720\/250x0\/images\/Manchester-United-OL-Ca-fait-longtemps-que-Lyon-n-a-pas-marque-les-esprits-au-niveau-europeen-analyse-Riolo-2067779.webp 2x\" type=\"image\/webp\"><source media=\"(min-width: 300px)\" width=\"16\" height=\"9\" class=\"lozad\" srcset=\"https:\/\/images.bfmtv.com\/ObwuAnhYjAybqrxtty--JKy-gCY=\/0x0:1280x720\/125x0\/images\/Manchester-United-OL-Ca-fait-longtemps-que-Lyon-n-a-pas-marque-les-esprits-au-niveau-europeen-analyse-Riolo-2067779.jpg, https:\/\/images.bfmtv.com\/Y3SFv4MIviU2pxM0nLrFMlc7djg=\/0x0:1280x720\/250x0\/images\/Manchester-United-OL-Ca-fait-longtemps-que-Lyon-n-a-pas-marque-les-esprits-au-niveau-europeen-analyse-Riolo-2067779.jpg 2x\" type=\"image\/jpeg\"><img class=\"lozad\" srcset=\"https:\/\/images.bfmtv.com\/qMmDWD2hgqdYDtH_Cv7FiArcW3M=\/0x0:1280x720\/283x0\/images\/Manchester-United-OL-Ca-fait-longtemps-que-Lyon-n-a-pas-marque-les-esprits-au-niveau-europeen-analyse-Riolo-2067779.jpg 1x, https:\/\/images.bfmtv.com\/FKcsId8FLPN6p5ceE4SSs6FoaB8=\/0x0:1280x720\/566x0\/images\/Manchester-United-OL-Ca-fait-longtemps-que-Lyon-n-a-pas-marque-les-esprits-au-niveau-europeen-analyse-Riolo-2067779.jpg 2x\" width=\"16\" height=\"9\" alt=\"Manchester United-OL : &quot;Lyon has not made the minds at European level for a long time&quot;Recalls Riolo\"\/><\/source><\/source><\/source><\/source><\/source><\/source><\/source><\/source><\/picture><figcaption><span class=\"video_time_zone\">2:43<\/span><\/figcaption><\/figure>\n<h3 class=\"last_videos_item_title\">Manchester United: &#8220;It&#39;s been a long time since Lyon has marked the spirits at European level,&#8221; recalls Riolo<\/h3>\n<\/article>\n<article class=\"last_videos_item\">\n<figure class=\"meme_sujet_picture\"><picture class=\"last_videos_item_cover with-js\"><source media=\"(min-width: 441px)\" width=\"16\" height=\"9\" class=\"lozad\" srcset=\"https:\/\/images.bfmtv.com\/7vqMNpZXblvI5bQj39t0-3YJ0kM=\/0x0:1280x720\/283x0\/images\/Mbappe-se-gache-en-9-depuis-2-ans-deplore-Riolo-2067731.webp, https:\/\/images.bfmtv.com\/w_86Nnq_ZsS_WLDI8959ZydmO9w=\/0x0:1280x720\/566x0\/images\/Mbappe-se-gache-en-9-depuis-2-ans-deplore-Riolo-2067731.webp 2x\" type=\"image\/webp\"><source media=\"(min-width: 441px)\" width=\"16\" height=\"9\" class=\"lozad\" srcset=\"https:\/\/images.bfmtv.com\/a9nP53mukh5r7VzO-ZIA8T5eGXc=\/0x0:1280x720\/283x0\/images\/Mbappe-se-gache-en-9-depuis-2-ans-deplore-Riolo-2067731.jpg, https:\/\/images.bfmtv.com\/pmahjmCzZqll5GIWsZ-B-b2Ly0Q=\/0x0:1280x720\/566x0\/images\/Mbappe-se-gache-en-9-depuis-2-ans-deplore-Riolo-2067731.jpg 2x\" type=\"image\/jpeg\"><source media=\"(min-width: 361px)\" width=\"16\" height=\"9\" class=\"lozad\" srcset=\"https:\/\/images.bfmtv.com\/bhyb7WIc0kDMMaatEUzrA2vMUlI=\/0x0:1280x720\/125x0\/images\/Mbappe-se-gache-en-9-depuis-2-ans-deplore-Riolo-2067731.webp, https:\/\/images.bfmtv.com\/YfehqgoySUPjXNsGpGARTiePNz8=\/0x0:1280x720\/250x0\/images\/Mbappe-se-gache-en-9-depuis-2-ans-deplore-Riolo-2067731.webp 2x\" type=\"image\/webp\"><source media=\"(min-width: 361px)\" width=\"16\" height=\"9\" class=\"lozad\" srcset=\"https:\/\/images.bfmtv.com\/MZbgpvgpUGn_I4qGU3vEwd5Ujbg=\/0x0:1280x720\/125x0\/images\/Mbappe-se-gache-en-9-depuis-2-ans-deplore-Riolo-2067731.jpg, https:\/\/images.bfmtv.com\/MMX_J_-JhIjUHE7MYQ817RZmUTE=\/0x0:1280x720\/250x0\/images\/Mbappe-se-gache-en-9-depuis-2-ans-deplore-Riolo-2067731.jpg 2x\" type=\"image\/jpeg\"><source media=\"(min-width: 321px)\" width=\"16\" height=\"9\" class=\"lozad\" srcset=\"https:\/\/images.bfmtv.com\/bhyb7WIc0kDMMaatEUzrA2vMUlI=\/0x0:1280x720\/125x0\/images\/Mbappe-se-gache-en-9-depuis-2-ans-deplore-Riolo-2067731.webp, https:\/\/images.bfmtv.com\/YfehqgoySUPjXNsGpGARTiePNz8=\/0x0:1280x720\/250x0\/images\/Mbappe-se-gache-en-9-depuis-2-ans-deplore-Riolo-2067731.webp 2x\" type=\"image\/webp\"><source media=\"(min-width: 321px)\" width=\"16\" height=\"9\" class=\"lozad\" srcset=\"https:\/\/images.bfmtv.com\/MZbgpvgpUGn_I4qGU3vEwd5Ujbg=\/0x0:1280x720\/125x0\/images\/Mbappe-se-gache-en-9-depuis-2-ans-deplore-Riolo-2067731.jpg, https:\/\/images.bfmtv.com\/MMX_J_-JhIjUHE7MYQ817RZmUTE=\/0x0:1280x720\/250x0\/images\/Mbappe-se-gache-en-9-depuis-2-ans-deplore-Riolo-2067731.jpg 2x\" type=\"image\/jpeg\"><source media=\"(min-width: 300px)\" width=\"16\" height=\"9\" class=\"lozad\" srcset=\"https:\/\/images.bfmtv.com\/bhyb7WIc0kDMMaatEUzrA2vMUlI=\/0x0:1280x720\/125x0\/images\/Mbappe-se-gache-en-9-depuis-2-ans-deplore-Riolo-2067731.webp, https:\/\/images.bfmtv.com\/YfehqgoySUPjXNsGpGARTiePNz8=\/0x0:1280x720\/250x0\/images\/Mbappe-se-gache-en-9-depuis-2-ans-deplore-Riolo-2067731.webp 2x\" type=\"image\/webp\"><source media=\"(min-width: 300px)\" width=\"16\" height=\"9\" class=\"lozad\" srcset=\"https:\/\/images.bfmtv.com\/MZbgpvgpUGn_I4qGU3vEwd5Ujbg=\/0x0:1280x720\/125x0\/images\/Mbappe-se-gache-en-9-depuis-2-ans-deplore-Riolo-2067731.jpg, https:\/\/images.bfmtv.com\/MMX_J_-JhIjUHE7MYQ817RZmUTE=\/0x0:1280x720\/250x0\/images\/Mbappe-se-gache-en-9-depuis-2-ans-deplore-Riolo-2067731.jpg 2x\" type=\"image\/jpeg\"><img class=\"lozad\" srcset=\"https:\/\/images.bfmtv.com\/a9nP53mukh5r7VzO-ZIA8T5eGXc=\/0x0:1280x720\/283x0\/images\/Mbappe-se-gache-en-9-depuis-2-ans-deplore-Riolo-2067731.jpg 1x, https:\/\/images.bfmtv.com\/pmahjmCzZqll5GIWsZ-B-b2Ly0Q=\/0x0:1280x720\/566x0\/images\/Mbappe-se-gache-en-9-depuis-2-ans-deplore-Riolo-2067731.jpg 2x\" width=\"16\" height=\"9\" alt=\"&quot;Mbapp\u00e9 has spoiled in 9 for 2 years&quot; deplore riolo\"\/><\/source><\/source><\/source><\/source><\/source><\/source><\/source><\/source><\/picture><figcaption><span class=\"video_time_zone\">1:03<\/span><\/figcaption><\/figure>\n<h3 class=\"last_videos_item_title\">&#8220;Mbapp\u00e9 has spoiled in 9 for 2 years&#8221; deplores Riolo<\/h3>\n<\/article>\n<article class=\"last_videos_item\">\n<figure class=\"meme_sujet_picture\"><picture class=\"last_videos_item_cover with-js\"><source media=\"(min-width: 441px)\" width=\"16\" height=\"9\" class=\"lozad\" srcset=\"https:\/\/images.bfmtv.com\/yN27rq_Fy9zSvxrD9fYHrkHB4uY=\/0x0:1280x720\/283x0\/images\/Le-Real-Madrid-reproduit-l-erreur-des-Galactiques-denonce-Riolo-2067710.webp, https:\/\/images.bfmtv.com\/7YE2pBpotkovHPEGdUVgYPpoQJA=\/0x0:1280x720\/566x0\/images\/Le-Real-Madrid-reproduit-l-erreur-des-Galactiques-denonce-Riolo-2067710.webp 2x\" type=\"image\/webp\"><source media=\"(min-width: 441px)\" width=\"16\" height=\"9\" class=\"lozad\" srcset=\"https:\/\/images.bfmtv.com\/8fEe69Ca3t2V3LyIHRC84jrJ-q8=\/0x0:1280x720\/283x0\/images\/Le-Real-Madrid-reproduit-l-erreur-des-Galactiques-denonce-Riolo-2067710.jpg, https:\/\/images.bfmtv.com\/HOYhGj7cSHVAWZK7KMwZLYvqq94=\/0x0:1280x720\/566x0\/images\/Le-Real-Madrid-reproduit-l-erreur-des-Galactiques-denonce-Riolo-2067710.jpg 2x\" type=\"image\/jpeg\"><source media=\"(min-width: 361px)\" width=\"16\" height=\"9\" class=\"lozad\" srcset=\"https:\/\/images.bfmtv.com\/1csLoFLQN0upAACuEM54RoHyd-E=\/0x0:1280x720\/125x0\/images\/Le-Real-Madrid-reproduit-l-erreur-des-Galactiques-denonce-Riolo-2067710.webp, https:\/\/images.bfmtv.com\/tQ_-dFnyYZSp15wvwBHLV7JLFX4=\/0x0:1280x720\/250x0\/images\/Le-Real-Madrid-reproduit-l-erreur-des-Galactiques-denonce-Riolo-2067710.webp 2x\" type=\"image\/webp\"><source media=\"(min-width: 361px)\" width=\"16\" height=\"9\" class=\"lozad\" srcset=\"https:\/\/images.bfmtv.com\/15cPB6qmBsr6mLbV5et5RTxaBjI=\/0x0:1280x720\/125x0\/images\/Le-Real-Madrid-reproduit-l-erreur-des-Galactiques-denonce-Riolo-2067710.jpg, https:\/\/images.bfmtv.com\/eRaY3j5khdibwvA3uIe70-wQ67E=\/0x0:1280x720\/250x0\/images\/Le-Real-Madrid-reproduit-l-erreur-des-Galactiques-denonce-Riolo-2067710.jpg 2x\" type=\"image\/jpeg\"><source media=\"(min-width: 321px)\" width=\"16\" height=\"9\" class=\"lozad\" srcset=\"https:\/\/images.bfmtv.com\/1csLoFLQN0upAACuEM54RoHyd-E=\/0x0:1280x720\/125x0\/images\/Le-Real-Madrid-reproduit-l-erreur-des-Galactiques-denonce-Riolo-2067710.webp, https:\/\/images.bfmtv.com\/tQ_-dFnyYZSp15wvwBHLV7JLFX4=\/0x0:1280x720\/250x0\/images\/Le-Real-Madrid-reproduit-l-erreur-des-Galactiques-denonce-Riolo-2067710.webp 2x\" type=\"image\/webp\"><source media=\"(min-width: 321px)\" width=\"16\" height=\"9\" class=\"lozad\" srcset=\"https:\/\/images.bfmtv.com\/15cPB6qmBsr6mLbV5et5RTxaBjI=\/0x0:1280x720\/125x0\/images\/Le-Real-Madrid-reproduit-l-erreur-des-Galactiques-denonce-Riolo-2067710.jpg, https:\/\/images.bfmtv.com\/eRaY3j5khdibwvA3uIe70-wQ67E=\/0x0:1280x720\/250x0\/images\/Le-Real-Madrid-reproduit-l-erreur-des-Galactiques-denonce-Riolo-2067710.jpg 2x\" type=\"image\/jpeg\"><source media=\"(min-width: 300px)\" width=\"16\" height=\"9\" class=\"lozad\" srcset=\"https:\/\/images.bfmtv.com\/1csLoFLQN0upAACuEM54RoHyd-E=\/0x0:1280x720\/125x0\/images\/Le-Real-Madrid-reproduit-l-erreur-des-Galactiques-denonce-Riolo-2067710.webp, https:\/\/images.bfmtv.com\/tQ_-dFnyYZSp15wvwBHLV7JLFX4=\/0x0:1280x720\/250x0\/images\/Le-Real-Madrid-reproduit-l-erreur-des-Galactiques-denonce-Riolo-2067710.webp 2x\" type=\"image\/webp\"><source media=\"(min-width: 300px)\" width=\"16\" height=\"9\" class=\"lozad\" srcset=\"https:\/\/images.bfmtv.com\/15cPB6qmBsr6mLbV5et5RTxaBjI=\/0x0:1280x720\/125x0\/images\/Le-Real-Madrid-reproduit-l-erreur-des-Galactiques-denonce-Riolo-2067710.jpg, https:\/\/images.bfmtv.com\/eRaY3j5khdibwvA3uIe70-wQ67E=\/0x0:1280x720\/250x0\/images\/Le-Real-Madrid-reproduit-l-erreur-des-Galactiques-denonce-Riolo-2067710.jpg 2x\" type=\"image\/jpeg\"><img class=\"lozad\" srcset=\"https:\/\/images.bfmtv.com\/8fEe69Ca3t2V3LyIHRC84jrJ-q8=\/0x0:1280x720\/283x0\/images\/Le-Real-Madrid-reproduit-l-erreur-des-Galactiques-denonce-Riolo-2067710.jpg 1x, https:\/\/images.bfmtv.com\/HOYhGj7cSHVAWZK7KMwZLYvqq94=\/0x0:1280x720\/566x0\/images\/Le-Real-Madrid-reproduit-l-erreur-des-Galactiques-denonce-Riolo-2067710.jpg 2x\" width=\"16\" height=\"9\" alt=\"&quot;Real Madrid reproduces the error of galactics&quot; denounces Riolo\"\/><\/source><\/source><\/source><\/source><\/source><\/source><\/source><\/source><\/picture><figcaption><span class=\"video_time_zone\">5:16<\/span><\/figcaption><\/figure>\n<h3 class=\"last_videos_item_title\">&#8220;Real Madrid reproduces the error of galactics&#8221; denounces Riolo<\/h3>\n<\/article>\n<article class=\"last_videos_item\">\n<figure class=\"meme_sujet_picture\"><picture class=\"last_videos_item_cover with-js\"><source media=\"(min-width: 441px)\" width=\"16\" height=\"9\" class=\"lozad\" srcset=\"https:\/\/images.bfmtv.com\/P7olFn_q5bspDDtzwdGYfW9vDQA=\/0x0:1280x720\/283x0\/images\/CAN-U17-et-U20-les-competitions-incontournables-pour-decouvrir-les-talents-africains-de-demain-2067673.webp, https:\/\/images.bfmtv.com\/P5BFm55sfLbEO4fqONYJxfIrg3k=\/0x0:1280x720\/566x0\/images\/CAN-U17-et-U20-les-competitions-incontournables-pour-decouvrir-les-talents-africains-de-demain-2067673.webp 2x\" type=\"image\/webp\"><source media=\"(min-width: 441px)\" width=\"16\" height=\"9\" class=\"lozad\" srcset=\"https:\/\/images.bfmtv.com\/DkP32UE2aiz1NdElQKEa350R8p0=\/0x0:1280x720\/283x0\/images\/CAN-U17-et-U20-les-competitions-incontournables-pour-decouvrir-les-talents-africains-de-demain-2067673.jpg, https:\/\/images.bfmtv.com\/riVeRr_sTi8pMS44kE4pSce7gqQ=\/0x0:1280x720\/566x0\/images\/CAN-U17-et-U20-les-competitions-incontournables-pour-decouvrir-les-talents-africains-de-demain-2067673.jpg 2x\" type=\"image\/jpeg\"><source media=\"(min-width: 361px)\" width=\"16\" height=\"9\" class=\"lozad\" srcset=\"https:\/\/images.bfmtv.com\/phVj7wYrBRanP_drHYJeRwdWcGs=\/0x0:1280x720\/125x0\/images\/CAN-U17-et-U20-les-competitions-incontournables-pour-decouvrir-les-talents-africains-de-demain-2067673.webp, https:\/\/images.bfmtv.com\/PweFc64BBaqis-78U4opvA9NHCI=\/0x0:1280x720\/250x0\/images\/CAN-U17-et-U20-les-competitions-incontournables-pour-decouvrir-les-talents-africains-de-demain-2067673.webp 2x\" type=\"image\/webp\"><source media=\"(min-width: 361px)\" width=\"16\" height=\"9\" class=\"lozad\" srcset=\"https:\/\/images.bfmtv.com\/MJ0nrdrNGszFqPAXtZzLPaMGm1s=\/0x0:1280x720\/125x0\/images\/CAN-U17-et-U20-les-competitions-incontournables-pour-decouvrir-les-talents-africains-de-demain-2067673.jpg, https:\/\/images.bfmtv.com\/LRqIzxYHAgo-PeLZoqdgegJMhlQ=\/0x0:1280x720\/250x0\/images\/CAN-U17-et-U20-les-competitions-incontournables-pour-decouvrir-les-talents-africains-de-demain-2067673.jpg 2x\" type=\"image\/jpeg\"><source media=\"(min-width: 321px)\" width=\"16\" height=\"9\" class=\"lozad\" srcset=\"https:\/\/images.bfmtv.com\/phVj7wYrBRanP_drHYJeRwdWcGs=\/0x0:1280x720\/125x0\/images\/CAN-U17-et-U20-les-competitions-incontournables-pour-decouvrir-les-talents-africains-de-demain-2067673.webp, https:\/\/images.bfmtv.com\/PweFc64BBaqis-78U4opvA9NHCI=\/0x0:1280x720\/250x0\/images\/CAN-U17-et-U20-les-competitions-incontournables-pour-decouvrir-les-talents-africains-de-demain-2067673.webp 2x\" type=\"image\/webp\"><source media=\"(min-width: 321px)\" width=\"16\" height=\"9\" class=\"lozad\" srcset=\"https:\/\/images.bfmtv.com\/MJ0nrdrNGszFqPAXtZzLPaMGm1s=\/0x0:1280x720\/125x0\/images\/CAN-U17-et-U20-les-competitions-incontournables-pour-decouvrir-les-talents-africains-de-demain-2067673.jpg, https:\/\/images.bfmtv.com\/LRqIzxYHAgo-PeLZoqdgegJMhlQ=\/0x0:1280x720\/250x0\/images\/CAN-U17-et-U20-les-competitions-incontournables-pour-decouvrir-les-talents-africains-de-demain-2067673.jpg 2x\" type=\"image\/jpeg\"><source media=\"(min-width: 300px)\" width=\"16\" height=\"9\" class=\"lozad\" srcset=\"https:\/\/images.bfmtv.com\/phVj7wYrBRanP_drHYJeRwdWcGs=\/0x0:1280x720\/125x0\/images\/CAN-U17-et-U20-les-competitions-incontournables-pour-decouvrir-les-talents-africains-de-demain-2067673.webp, https:\/\/images.bfmtv.com\/PweFc64BBaqis-78U4opvA9NHCI=\/0x0:1280x720\/250x0\/images\/CAN-U17-et-U20-les-competitions-incontournables-pour-decouvrir-les-talents-africains-de-demain-2067673.webp 2x\" type=\"image\/webp\"><source media=\"(min-width: 300px)\" width=\"16\" height=\"9\" class=\"lozad\" srcset=\"https:\/\/images.bfmtv.com\/MJ0nrdrNGszFqPAXtZzLPaMGm1s=\/0x0:1280x720\/125x0\/images\/CAN-U17-et-U20-les-competitions-incontournables-pour-decouvrir-les-talents-africains-de-demain-2067673.jpg, https:\/\/images.bfmtv.com\/LRqIzxYHAgo-PeLZoqdgegJMhlQ=\/0x0:1280x720\/250x0\/images\/CAN-U17-et-U20-les-competitions-incontournables-pour-decouvrir-les-talents-africains-de-demain-2067673.jpg 2x\" type=\"image\/jpeg\"><img class=\"lozad\" srcset=\"https:\/\/images.bfmtv.com\/DkP32UE2aiz1NdElQKEa350R8p0=\/0x0:1280x720\/283x0\/images\/CAN-U17-et-U20-les-competitions-incontournables-pour-decouvrir-les-talents-africains-de-demain-2067673.jpg 1x, https:\/\/images.bfmtv.com\/riVeRr_sTi8pMS44kE4pSce7gqQ=\/0x0:1280x720\/566x0\/images\/CAN-U17-et-U20-les-competitions-incontournables-pour-decouvrir-les-talents-africains-de-demain-2067673.jpg 2x\" width=\"16\" height=\"9\" alt=\"Can U17 and U20: The essential competitions to discover the African talents of tomorrow?\"\/><\/source><\/source><\/source><\/source><\/source><\/source><\/source><\/source><\/picture><figcaption><span class=\"video_time_zone\">51:32<\/span><\/figcaption><\/figure>\n<h3 class=\"last_videos_item_title\">Can U17 and U20: The essential competitions to discover the African talents of tomorrow?<\/h3>\n<\/article>\n<article class=\"last_videos_item\">\n<figure class=\"meme_sujet_picture\"><picture class=\"last_videos_item_cover with-js\"><source media=\"(min-width: 441px)\" width=\"16\" height=\"9\" class=\"lozad\" srcset=\"https:\/\/images.bfmtv.com\/pWuNDxzfQUHcYSYFwTbTqVXLNs0=\/0x0:1280x720\/283x0\/images\/Inter-2-2-bayern-Des-Nerazzurri-sous-cotes-fin-de-cycle-des-Bavarois-le-debrief-complet-2067667.webp, https:\/\/images.bfmtv.com\/DIW9mHM9o0vz6VCzn695oIHH_JU=\/0x0:1280x720\/566x0\/images\/Inter-2-2-bayern-Des-Nerazzurri-sous-cotes-fin-de-cycle-des-Bavarois-le-debrief-complet-2067667.webp 2x\" type=\"image\/webp\"><source media=\"(min-width: 441px)\" width=\"16\" height=\"9\" class=\"lozad\" srcset=\"https:\/\/images.bfmtv.com\/e3Zr7Cgb--B2TXd3Ex2yht6sdiw=\/0x0:1280x720\/283x0\/images\/Inter-2-2-bayern-Des-Nerazzurri-sous-cotes-fin-de-cycle-des-Bavarois-le-debrief-complet-2067667.jpg, https:\/\/images.bfmtv.com\/gEljTVVqAEaGbFKtwM_eTgVH-Ho=\/0x0:1280x720\/566x0\/images\/Inter-2-2-bayern-Des-Nerazzurri-sous-cotes-fin-de-cycle-des-Bavarois-le-debrief-complet-2067667.jpg 2x\" type=\"image\/jpeg\"><source media=\"(min-width: 361px)\" width=\"16\" height=\"9\" class=\"lozad\" srcset=\"https:\/\/images.bfmtv.com\/CK1SqS3_L4W-B4_o9o8SZq8xkkg=\/0x0:1280x720\/125x0\/images\/Inter-2-2-bayern-Des-Nerazzurri-sous-cotes-fin-de-cycle-des-Bavarois-le-debrief-complet-2067667.webp, https:\/\/images.bfmtv.com\/S0HQYUSXqV6BTe2tOSi28SaVilc=\/0x0:1280x720\/250x0\/images\/Inter-2-2-bayern-Des-Nerazzurri-sous-cotes-fin-de-cycle-des-Bavarois-le-debrief-complet-2067667.webp 2x\" type=\"image\/webp\"><source media=\"(min-width: 361px)\" width=\"16\" height=\"9\" class=\"lozad\" srcset=\"https:\/\/images.bfmtv.com\/CrcMOzM0swyB24FY3MpxuKbp_6Y=\/0x0:1280x720\/125x0\/images\/Inter-2-2-bayern-Des-Nerazzurri-sous-cotes-fin-de-cycle-des-Bavarois-le-debrief-complet-2067667.jpg, https:\/\/images.bfmtv.com\/lhzq-u7m_lPryUmftQ26iSXPWkw=\/0x0:1280x720\/250x0\/images\/Inter-2-2-bayern-Des-Nerazzurri-sous-cotes-fin-de-cycle-des-Bavarois-le-debrief-complet-2067667.jpg 2x\" type=\"image\/jpeg\"><source media=\"(min-width: 321px)\" width=\"16\" height=\"9\" class=\"lozad\" srcset=\"https:\/\/images.bfmtv.com\/CK1SqS3_L4W-B4_o9o8SZq8xkkg=\/0x0:1280x720\/125x0\/images\/Inter-2-2-bayern-Des-Nerazzurri-sous-cotes-fin-de-cycle-des-Bavarois-le-debrief-complet-2067667.webp, https:\/\/images.bfmtv.com\/S0HQYUSXqV6BTe2tOSi28SaVilc=\/0x0:1280x720\/250x0\/images\/Inter-2-2-bayern-Des-Nerazzurri-sous-cotes-fin-de-cycle-des-Bavarois-le-debrief-complet-2067667.webp 2x\" type=\"image\/webp\"><source media=\"(min-width: 321px)\" width=\"16\" height=\"9\" class=\"lozad\" srcset=\"https:\/\/images.bfmtv.com\/CrcMOzM0swyB24FY3MpxuKbp_6Y=\/0x0:1280x720\/125x0\/images\/Inter-2-2-bayern-Des-Nerazzurri-sous-cotes-fin-de-cycle-des-Bavarois-le-debrief-complet-2067667.jpg, https:\/\/images.bfmtv.com\/lhzq-u7m_lPryUmftQ26iSXPWkw=\/0x0:1280x720\/250x0\/images\/Inter-2-2-bayern-Des-Nerazzurri-sous-cotes-fin-de-cycle-des-Bavarois-le-debrief-complet-2067667.jpg 2x\" type=\"image\/jpeg\"><source media=\"(min-width: 300px)\" width=\"16\" height=\"9\" class=\"lozad\" srcset=\"https:\/\/images.bfmtv.com\/CK1SqS3_L4W-B4_o9o8SZq8xkkg=\/0x0:1280x720\/125x0\/images\/Inter-2-2-bayern-Des-Nerazzurri-sous-cotes-fin-de-cycle-des-Bavarois-le-debrief-complet-2067667.webp, https:\/\/images.bfmtv.com\/S0HQYUSXqV6BTe2tOSi28SaVilc=\/0x0:1280x720\/250x0\/images\/Inter-2-2-bayern-Des-Nerazzurri-sous-cotes-fin-de-cycle-des-Bavarois-le-debrief-complet-2067667.webp 2x\" type=\"image\/webp\"><source media=\"(min-width: 300px)\" width=\"16\" height=\"9\" class=\"lozad\" srcset=\"https:\/\/images.bfmtv.com\/CrcMOzM0swyB24FY3MpxuKbp_6Y=\/0x0:1280x720\/125x0\/images\/Inter-2-2-bayern-Des-Nerazzurri-sous-cotes-fin-de-cycle-des-Bavarois-le-debrief-complet-2067667.jpg, https:\/\/images.bfmtv.com\/lhzq-u7m_lPryUmftQ26iSXPWkw=\/0x0:1280x720\/250x0\/images\/Inter-2-2-bayern-Des-Nerazzurri-sous-cotes-fin-de-cycle-des-Bavarois-le-debrief-complet-2067667.jpg 2x\" type=\"image\/jpeg\"><img class=\"lozad\" srcset=\"https:\/\/images.bfmtv.com\/e3Zr7Cgb--B2TXd3Ex2yht6sdiw=\/0x0:1280x720\/283x0\/images\/Inter-2-2-bayern-Des-Nerazzurri-sous-cotes-fin-de-cycle-des-Bavarois-le-debrief-complet-2067667.jpg 1x, https:\/\/images.bfmtv.com\/gEljTVVqAEaGbFKtwM_eTgVH-Ho=\/0x0:1280x720\/566x0\/images\/Inter-2-2-bayern-Des-Nerazzurri-sous-cotes-fin-de-cycle-des-Bavarois-le-debrief-complet-2067667.jpg 2x\" width=\"16\" height=\"9\" alt=\"Inter 2-2 Bayern: under-cottum nerazzurri, end of cycle of Bavarians, the full debrief \"\/><\/source><\/source><\/source><\/source><\/source><\/source><\/source><\/source><\/picture><figcaption><span class=\"video_time_zone\">18:12<\/span><\/figcaption><\/figure>\n<h3 class=\"last_videos_item_title\">Inter 2-2 Bayern: under-cottum nerazzurri, end of cycle of Bavarians, the full debrief<\/h3>\n<\/article>\n<article class=\"last_videos_item\">\n<figure class=\"meme_sujet_picture\"><picture class=\"last_videos_item_cover with-js\"><source media=\"(min-width: 441px)\" width=\"16\" height=\"9\" class=\"lozad\" srcset=\"https:\/\/images.bfmtv.com\/LJJeorE0bqepisDa-bZdtSKksiU=\/0x0:1280x720\/283x0\/images\/Le-debrief-de-la-qualification-d-Arsenal-futur-adversaire-du-PSG-face-au-Real-Madrid-2067512.webp, https:\/\/images.bfmtv.com\/VRnny3XC1eMBO_ea5m-Dh48XOsA=\/0x0:1280x720\/566x0\/images\/Le-debrief-de-la-qualification-d-Arsenal-futur-adversaire-du-PSG-face-au-Real-Madrid-2067512.webp 2x\" type=\"image\/webp\"><source media=\"(min-width: 441px)\" width=\"16\" height=\"9\" class=\"lozad\" srcset=\"https:\/\/images.bfmtv.com\/vp1459pZQU4CLYQZ1Q77YfC3Xgw=\/0x0:1280x720\/283x0\/images\/Le-debrief-de-la-qualification-d-Arsenal-futur-adversaire-du-PSG-face-au-Real-Madrid-2067512.jpg, https:\/\/images.bfmtv.com\/fmnX0lT8v4TgpNPFF1Kax9aIHag=\/0x0:1280x720\/566x0\/images\/Le-debrief-de-la-qualification-d-Arsenal-futur-adversaire-du-PSG-face-au-Real-Madrid-2067512.jpg 2x\" type=\"image\/jpeg\"><source media=\"(min-width: 361px)\" width=\"16\" height=\"9\" class=\"lozad\" srcset=\"https:\/\/images.bfmtv.com\/4xefPgyBW_XSxlznjtReU3YNo3s=\/0x0:1280x720\/125x0\/images\/Le-debrief-de-la-qualification-d-Arsenal-futur-adversaire-du-PSG-face-au-Real-Madrid-2067512.webp, https:\/\/images.bfmtv.com\/vIHD_mg2KPnB09BtLZs7iBARw9I=\/0x0:1280x720\/250x0\/images\/Le-debrief-de-la-qualification-d-Arsenal-futur-adversaire-du-PSG-face-au-Real-Madrid-2067512.webp 2x\" type=\"image\/webp\"><source media=\"(min-width: 361px)\" width=\"16\" height=\"9\" class=\"lozad\" srcset=\"https:\/\/images.bfmtv.com\/uVjxQ-6q0GZW6nxUDHO2jGmzakg=\/0x0:1280x720\/125x0\/images\/Le-debrief-de-la-qualification-d-Arsenal-futur-adversaire-du-PSG-face-au-Real-Madrid-2067512.jpg, https:\/\/images.bfmtv.com\/KFnNEYVmftmt8pF21CqvQK1pxRk=\/0x0:1280x720\/250x0\/images\/Le-debrief-de-la-qualification-d-Arsenal-futur-adversaire-du-PSG-face-au-Real-Madrid-2067512.jpg 2x\" type=\"image\/jpeg\"><source media=\"(min-width: 321px)\" width=\"16\" height=\"9\" class=\"lozad\" srcset=\"https:\/\/images.bfmtv.com\/4xefPgyBW_XSxlznjtReU3YNo3s=\/0x0:1280x720\/125x0\/images\/Le-debrief-de-la-qualification-d-Arsenal-futur-adversaire-du-PSG-face-au-Real-Madrid-2067512.webp, https:\/\/images.bfmtv.com\/vIHD_mg2KPnB09BtLZs7iBARw9I=\/0x0:1280x720\/250x0\/images\/Le-debrief-de-la-qualification-d-Arsenal-futur-adversaire-du-PSG-face-au-Real-Madrid-2067512.webp 2x\" type=\"image\/webp\"><source media=\"(min-width: 321px)\" width=\"16\" height=\"9\" class=\"lozad\" srcset=\"https:\/\/images.bfmtv.com\/uVjxQ-6q0GZW6nxUDHO2jGmzakg=\/0x0:1280x720\/125x0\/images\/Le-debrief-de-la-qualification-d-Arsenal-futur-adversaire-du-PSG-face-au-Real-Madrid-2067512.jpg, https:\/\/images.bfmtv.com\/KFnNEYVmftmt8pF21CqvQK1pxRk=\/0x0:1280x720\/250x0\/images\/Le-debrief-de-la-qualification-d-Arsenal-futur-adversaire-du-PSG-face-au-Real-Madrid-2067512.jpg 2x\" type=\"image\/jpeg\"><source media=\"(min-width: 300px)\" width=\"16\" height=\"9\" class=\"lozad\" srcset=\"https:\/\/images.bfmtv.com\/4xefPgyBW_XSxlznjtReU3YNo3s=\/0x0:1280x720\/125x0\/images\/Le-debrief-de-la-qualification-d-Arsenal-futur-adversaire-du-PSG-face-au-Real-Madrid-2067512.webp, https:\/\/images.bfmtv.com\/vIHD_mg2KPnB09BtLZs7iBARw9I=\/0x0:1280x720\/250x0\/images\/Le-debrief-de-la-qualification-d-Arsenal-futur-adversaire-du-PSG-face-au-Real-Madrid-2067512.webp 2x\" type=\"image\/webp\"><source media=\"(min-width: 300px)\" width=\"16\" height=\"9\" class=\"lozad\" srcset=\"https:\/\/images.bfmtv.com\/uVjxQ-6q0GZW6nxUDHO2jGmzakg=\/0x0:1280x720\/125x0\/images\/Le-debrief-de-la-qualification-d-Arsenal-futur-adversaire-du-PSG-face-au-Real-Madrid-2067512.jpg, https:\/\/images.bfmtv.com\/KFnNEYVmftmt8pF21CqvQK1pxRk=\/0x0:1280x720\/250x0\/images\/Le-debrief-de-la-qualification-d-Arsenal-futur-adversaire-du-PSG-face-au-Real-Madrid-2067512.jpg 2x\" type=\"image\/jpeg\"><img class=\"lozad\" srcset=\"https:\/\/images.bfmtv.com\/vp1459pZQU4CLYQZ1Q77YfC3Xgw=\/0x0:1280x720\/283x0\/images\/Le-debrief-de-la-qualification-d-Arsenal-futur-adversaire-du-PSG-face-au-Real-Madrid-2067512.jpg 1x, https:\/\/images.bfmtv.com\/fmnX0lT8v4TgpNPFF1Kax9aIHag=\/0x0:1280x720\/566x0\/images\/Le-debrief-de-la-qualification-d-Arsenal-futur-adversaire-du-PSG-face-au-Real-Madrid-2067512.jpg 2x\" width=\"16\" height=\"9\" alt=\"The debrief of the qualification of Arsenal, future opponent of PSG, against Real Madrid\"\/><\/source><\/source><\/source><\/source><\/source><\/source><\/source><\/source><\/picture><figcaption><span class=\"video_time_zone\">43:36<\/span><\/figcaption><\/figure>\n<h3 class=\"last_videos_item_title\">The debrief of the qualification of Arsenal, future opponent of PSG, against Real Madrid<\/h3>\n<\/article>\n<article class=\"last_videos_item\">\n<figure class=\"meme_sujet_picture\"><picture class=\"last_videos_item_cover with-js\"><source media=\"(min-width: 441px)\" width=\"16\" height=\"9\" class=\"lozad\" srcset=\"https:\/\/images.bfmtv.com\/QzDUW7Z41my0ocnieC0Vnl4jt7g=\/0x0:1280x720\/283x0\/images\/Ligue-des-champions-Humiliation-ridicule-les-mots-forts-sur-un-Real-Madrid-decevant-2067504.webp, https:\/\/images.bfmtv.com\/qkDDc_Aw2kR5zIx-3QW4d12NENA=\/0x0:1280x720\/566x0\/images\/Ligue-des-champions-Humiliation-ridicule-les-mots-forts-sur-un-Real-Madrid-decevant-2067504.webp 2x\" type=\"image\/webp\"><source media=\"(min-width: 441px)\" width=\"16\" height=\"9\" class=\"lozad\" srcset=\"https:\/\/images.bfmtv.com\/Gkw4dnfj8q2G06g7dtpZn9DP9B4=\/0x0:1280x720\/283x0\/images\/Ligue-des-champions-Humiliation-ridicule-les-mots-forts-sur-un-Real-Madrid-decevant-2067504.jpg, https:\/\/images.bfmtv.com\/hT2kXZYSfU-Dc1sDwkXxBIB4MfA=\/0x0:1280x720\/566x0\/images\/Ligue-des-champions-Humiliation-ridicule-les-mots-forts-sur-un-Real-Madrid-decevant-2067504.jpg 2x\" type=\"image\/jpeg\"><source media=\"(min-width: 361px)\" width=\"16\" height=\"9\" class=\"lozad\" srcset=\"https:\/\/images.bfmtv.com\/TJy7e0KJGU42CV20wpXzvRmedXY=\/0x0:1280x720\/125x0\/images\/Ligue-des-champions-Humiliation-ridicule-les-mots-forts-sur-un-Real-Madrid-decevant-2067504.webp, https:\/\/images.bfmtv.com\/hsrkCRc_ppGeqU9cOmP-D0Dpccc=\/0x0:1280x720\/250x0\/images\/Ligue-des-champions-Humiliation-ridicule-les-mots-forts-sur-un-Real-Madrid-decevant-2067504.webp 2x\" type=\"image\/webp\"><source media=\"(min-width: 361px)\" width=\"16\" height=\"9\" class=\"lozad\" srcset=\"https:\/\/images.bfmtv.com\/jL-9DhFRLxxRtuyrNr9WDbuG0XI=\/0x0:1280x720\/125x0\/images\/Ligue-des-champions-Humiliation-ridicule-les-mots-forts-sur-un-Real-Madrid-decevant-2067504.jpg, https:\/\/images.bfmtv.com\/c1RInfcKr8siResNUUs3A22UEP8=\/0x0:1280x720\/250x0\/images\/Ligue-des-champions-Humiliation-ridicule-les-mots-forts-sur-un-Real-Madrid-decevant-2067504.jpg 2x\" type=\"image\/jpeg\"><source media=\"(min-width: 321px)\" width=\"16\" height=\"9\" class=\"lozad\" srcset=\"https:\/\/images.bfmtv.com\/TJy7e0KJGU42CV20wpXzvRmedXY=\/0x0:1280x720\/125x0\/images\/Ligue-des-champions-Humiliation-ridicule-les-mots-forts-sur-un-Real-Madrid-decevant-2067504.webp, https:\/\/images.bfmtv.com\/hsrkCRc_ppGeqU9cOmP-D0Dpccc=\/0x0:1280x720\/250x0\/images\/Ligue-des-champions-Humiliation-ridicule-les-mots-forts-sur-un-Real-Madrid-decevant-2067504.webp 2x\" type=\"image\/webp\"><source media=\"(min-width: 321px)\" width=\"16\" height=\"9\" class=\"lozad\" srcset=\"https:\/\/images.bfmtv.com\/jL-9DhFRLxxRtuyrNr9WDbuG0XI=\/0x0:1280x720\/125x0\/images\/Ligue-des-champions-Humiliation-ridicule-les-mots-forts-sur-un-Real-Madrid-decevant-2067504.jpg, https:\/\/images.bfmtv.com\/c1RInfcKr8siResNUUs3A22UEP8=\/0x0:1280x720\/250x0\/images\/Ligue-des-champions-Humiliation-ridicule-les-mots-forts-sur-un-Real-Madrid-decevant-2067504.jpg 2x\" type=\"image\/jpeg\"><source media=\"(min-width: 300px)\" width=\"16\" height=\"9\" class=\"lozad\" srcset=\"https:\/\/images.bfmtv.com\/TJy7e0KJGU42CV20wpXzvRmedXY=\/0x0:1280x720\/125x0\/images\/Ligue-des-champions-Humiliation-ridicule-les-mots-forts-sur-un-Real-Madrid-decevant-2067504.webp, https:\/\/images.bfmtv.com\/hsrkCRc_ppGeqU9cOmP-D0Dpccc=\/0x0:1280x720\/250x0\/images\/Ligue-des-champions-Humiliation-ridicule-les-mots-forts-sur-un-Real-Madrid-decevant-2067504.webp 2x\" type=\"image\/webp\"><source media=\"(min-width: 300px)\" width=\"16\" height=\"9\" class=\"lozad\" srcset=\"https:\/\/images.bfmtv.com\/jL-9DhFRLxxRtuyrNr9WDbuG0XI=\/0x0:1280x720\/125x0\/images\/Ligue-des-champions-Humiliation-ridicule-les-mots-forts-sur-un-Real-Madrid-decevant-2067504.jpg, https:\/\/images.bfmtv.com\/c1RInfcKr8siResNUUs3A22UEP8=\/0x0:1280x720\/250x0\/images\/Ligue-des-champions-Humiliation-ridicule-les-mots-forts-sur-un-Real-Madrid-decevant-2067504.jpg 2x\" type=\"image\/jpeg\"><img class=\"lozad\" srcset=\"https:\/\/images.bfmtv.com\/Gkw4dnfj8q2G06g7dtpZn9DP9B4=\/0x0:1280x720\/283x0\/images\/Ligue-des-champions-Humiliation-ridicule-les-mots-forts-sur-un-Real-Madrid-decevant-2067504.jpg 1x, https:\/\/images.bfmtv.com\/hT2kXZYSfU-Dc1sDwkXxBIB4MfA=\/0x0:1280x720\/566x0\/images\/Ligue-des-champions-Humiliation-ridicule-les-mots-forts-sur-un-Real-Madrid-decevant-2067504.jpg 2x\" width=\"16\" height=\"9\" alt=\"Champions League: &quot;Humiliation&quot;, &quot;ridicule&quot;the strong words on a disappointing real madrid\"\/><\/source><\/source><\/source><\/source><\/source><\/source><\/source><\/source><\/picture><figcaption><span class=\"video_time_zone\">8:03<\/span><\/figcaption><\/figure>\n<h3 class=\"last_videos_item_title\">Champions League: &#8220;humiliation&#8221;, &#8220;ridiculous&#8221;, the strong words on a disappointing real madrid<\/h3>\n<\/article>\n<article class=\"last_videos_item\">\n<figure class=\"meme_sujet_picture\"><picture class=\"last_videos_item_cover with-js\"><source media=\"(min-width: 441px)\" width=\"16\" height=\"9\" class=\"lozad\" srcset=\"https:\/\/images.bfmtv.com\/mhP256KrJTqucpcDzT_kS4YSM0c=\/0x0:1280x720\/283x0\/images\/Et-si-Lamine-Yamal-avait-choisi-le-Maroc-plutot-que-l-Espagne-After-Afrique-2067477.webp, https:\/\/images.bfmtv.com\/z1nv2eiyeBIBvFvl5zhHvyLHCcM=\/0x0:1280x720\/566x0\/images\/Et-si-Lamine-Yamal-avait-choisi-le-Maroc-plutot-que-l-Espagne-After-Afrique-2067477.webp 2x\" type=\"image\/webp\"><source media=\"(min-width: 441px)\" width=\"16\" height=\"9\" class=\"lozad\" srcset=\"https:\/\/images.bfmtv.com\/KihMjG4snTwaPPmpUVwPw0Q4ZXE=\/0x0:1280x720\/283x0\/images\/Et-si-Lamine-Yamal-avait-choisi-le-Maroc-plutot-que-l-Espagne-After-Afrique-2067477.jpg, https:\/\/images.bfmtv.com\/o5lgwKWzjNIdatF5QOmg1nYSBp4=\/0x0:1280x720\/566x0\/images\/Et-si-Lamine-Yamal-avait-choisi-le-Maroc-plutot-que-l-Espagne-After-Afrique-2067477.jpg 2x\" type=\"image\/jpeg\"><source media=\"(min-width: 361px)\" width=\"16\" height=\"9\" class=\"lozad\" srcset=\"https:\/\/images.bfmtv.com\/xOQAcHo7bAGC2tc9GVqLTJuAVjs=\/0x0:1280x720\/125x0\/images\/Et-si-Lamine-Yamal-avait-choisi-le-Maroc-plutot-que-l-Espagne-After-Afrique-2067477.webp, https:\/\/images.bfmtv.com\/1yZvfI-TqAJTWbmvuJnPTGFiouQ=\/0x0:1280x720\/250x0\/images\/Et-si-Lamine-Yamal-avait-choisi-le-Maroc-plutot-que-l-Espagne-After-Afrique-2067477.webp 2x\" type=\"image\/webp\"><source media=\"(min-width: 361px)\" width=\"16\" height=\"9\" class=\"lozad\" srcset=\"https:\/\/images.bfmtv.com\/JgoJy9xoJ686nxEP5mgtOyIM9_0=\/0x0:1280x720\/125x0\/images\/Et-si-Lamine-Yamal-avait-choisi-le-Maroc-plutot-que-l-Espagne-After-Afrique-2067477.jpg, https:\/\/images.bfmtv.com\/_ufkrhe1yZyIA85q6eJS65ar81c=\/0x0:1280x720\/250x0\/images\/Et-si-Lamine-Yamal-avait-choisi-le-Maroc-plutot-que-l-Espagne-After-Afrique-2067477.jpg 2x\" type=\"image\/jpeg\"><source media=\"(min-width: 321px)\" width=\"16\" height=\"9\" class=\"lozad\" srcset=\"https:\/\/images.bfmtv.com\/xOQAcHo7bAGC2tc9GVqLTJuAVjs=\/0x0:1280x720\/125x0\/images\/Et-si-Lamine-Yamal-avait-choisi-le-Maroc-plutot-que-l-Espagne-After-Afrique-2067477.webp, https:\/\/images.bfmtv.com\/1yZvfI-TqAJTWbmvuJnPTGFiouQ=\/0x0:1280x720\/250x0\/images\/Et-si-Lamine-Yamal-avait-choisi-le-Maroc-plutot-que-l-Espagne-After-Afrique-2067477.webp 2x\" type=\"image\/webp\"><source media=\"(min-width: 321px)\" width=\"16\" height=\"9\" class=\"lozad\" srcset=\"https:\/\/images.bfmtv.com\/JgoJy9xoJ686nxEP5mgtOyIM9_0=\/0x0:1280x720\/125x0\/images\/Et-si-Lamine-Yamal-avait-choisi-le-Maroc-plutot-que-l-Espagne-After-Afrique-2067477.jpg, https:\/\/images.bfmtv.com\/_ufkrhe1yZyIA85q6eJS65ar81c=\/0x0:1280x720\/250x0\/images\/Et-si-Lamine-Yamal-avait-choisi-le-Maroc-plutot-que-l-Espagne-After-Afrique-2067477.jpg 2x\" type=\"image\/jpeg\"><source media=\"(min-width: 300px)\" width=\"16\" height=\"9\" class=\"lozad\" srcset=\"https:\/\/images.bfmtv.com\/xOQAcHo7bAGC2tc9GVqLTJuAVjs=\/0x0:1280x720\/125x0\/images\/Et-si-Lamine-Yamal-avait-choisi-le-Maroc-plutot-que-l-Espagne-After-Afrique-2067477.webp, https:\/\/images.bfmtv.com\/1yZvfI-TqAJTWbmvuJnPTGFiouQ=\/0x0:1280x720\/250x0\/images\/Et-si-Lamine-Yamal-avait-choisi-le-Maroc-plutot-que-l-Espagne-After-Afrique-2067477.webp 2x\" type=\"image\/webp\"><source media=\"(min-width: 300px)\" width=\"16\" height=\"9\" class=\"lozad\" srcset=\"https:\/\/images.bfmtv.com\/JgoJy9xoJ686nxEP5mgtOyIM9_0=\/0x0:1280x720\/125x0\/images\/Et-si-Lamine-Yamal-avait-choisi-le-Maroc-plutot-que-l-Espagne-After-Afrique-2067477.jpg, https:\/\/images.bfmtv.com\/_ufkrhe1yZyIA85q6eJS65ar81c=\/0x0:1280x720\/250x0\/images\/Et-si-Lamine-Yamal-avait-choisi-le-Maroc-plutot-que-l-Espagne-After-Afrique-2067477.jpg 2x\" type=\"image\/jpeg\"><img class=\"lozad\" srcset=\"https:\/\/images.bfmtv.com\/KihMjG4snTwaPPmpUVwPw0Q4ZXE=\/0x0:1280x720\/283x0\/images\/Et-si-Lamine-Yamal-avait-choisi-le-Maroc-plutot-que-l-Espagne-After-Afrique-2067477.jpg 1x, https:\/\/images.bfmtv.com\/o5lgwKWzjNIdatF5QOmg1nYSBp4=\/0x0:1280x720\/566x0\/images\/Et-si-Lamine-Yamal-avait-choisi-le-Maroc-plutot-que-l-Espagne-After-Afrique-2067477.jpg 2x\" width=\"16\" height=\"9\" alt=\"And if Lamine Yamal had chosen Morocco rather than Spain (after Africa)\"\/><\/source><\/source><\/source><\/source><\/source><\/source><\/source><\/source><\/picture><figcaption><span class=\"video_time_zone\">1:46<\/span><\/figcaption><\/figure>\n<h3 class=\"last_videos_item_title\">And if Lamine Yamal had chosen Morocco rather than Spain (after Africa)<\/h3>\n<\/article>\n<article class=\"last_videos_item\">\n<figure class=\"meme_sujet_picture\"><picture class=\"last_videos_item_cover with-js\"><source media=\"(min-width: 441px)\" width=\"16\" height=\"9\" class=\"lozad\" srcset=\"https:\/\/images.bfmtv.com\/iggBEhisTVqANaHbMF9avWA2EPQ=\/0x0:1280x720\/283x0\/images\/Florian-Wirtz-un-avenir-lie-a-Xabi-Alonso-2067279.webp, https:\/\/images.bfmtv.com\/62W9bdIwiEjctjDJnPolYz1ySaM=\/0x0:1280x720\/566x0\/images\/Florian-Wirtz-un-avenir-lie-a-Xabi-Alonso-2067279.webp 2x\" type=\"image\/webp\"><source media=\"(min-width: 441px)\" width=\"16\" height=\"9\" class=\"lozad\" srcset=\"https:\/\/images.bfmtv.com\/YPntU-UwS5k0SmxMqriCJxlRbPE=\/0x0:1280x720\/283x0\/images\/Florian-Wirtz-un-avenir-lie-a-Xabi-Alonso-2067279.jpg, https:\/\/images.bfmtv.com\/K6htxMubkpYCnoGk1ChH_rCuRa4=\/0x0:1280x720\/566x0\/images\/Florian-Wirtz-un-avenir-lie-a-Xabi-Alonso-2067279.jpg 2x\" type=\"image\/jpeg\"><source media=\"(min-width: 361px)\" width=\"16\" height=\"9\" class=\"lozad\" srcset=\"https:\/\/images.bfmtv.com\/w4CiQrJAcgByddKvllxc18KSGPw=\/0x0:1280x720\/125x0\/images\/Florian-Wirtz-un-avenir-lie-a-Xabi-Alonso-2067279.webp, https:\/\/images.bfmtv.com\/ZaxZYJkr39w0q4DRcsih3MZsqv0=\/0x0:1280x720\/250x0\/images\/Florian-Wirtz-un-avenir-lie-a-Xabi-Alonso-2067279.webp 2x\" type=\"image\/webp\"><source media=\"(min-width: 361px)\" width=\"16\" height=\"9\" class=\"lozad\" srcset=\"https:\/\/images.bfmtv.com\/yI4luOX8NQ8_KCD_tK45hotqQKU=\/0x0:1280x720\/125x0\/images\/Florian-Wirtz-un-avenir-lie-a-Xabi-Alonso-2067279.jpg, https:\/\/images.bfmtv.com\/ipHS9ypdFCgzShXuKDapRhTdrTA=\/0x0:1280x720\/250x0\/images\/Florian-Wirtz-un-avenir-lie-a-Xabi-Alonso-2067279.jpg 2x\" type=\"image\/jpeg\"><source media=\"(min-width: 321px)\" width=\"16\" height=\"9\" class=\"lozad\" srcset=\"https:\/\/images.bfmtv.com\/w4CiQrJAcgByddKvllxc18KSGPw=\/0x0:1280x720\/125x0\/images\/Florian-Wirtz-un-avenir-lie-a-Xabi-Alonso-2067279.webp, https:\/\/images.bfmtv.com\/ZaxZYJkr39w0q4DRcsih3MZsqv0=\/0x0:1280x720\/250x0\/images\/Florian-Wirtz-un-avenir-lie-a-Xabi-Alonso-2067279.webp 2x\" type=\"image\/webp\"><source media=\"(min-width: 321px)\" width=\"16\" height=\"9\" class=\"lozad\" srcset=\"https:\/\/images.bfmtv.com\/yI4luOX8NQ8_KCD_tK45hotqQKU=\/0x0:1280x720\/125x0\/images\/Florian-Wirtz-un-avenir-lie-a-Xabi-Alonso-2067279.jpg, https:\/\/images.bfmtv.com\/ipHS9ypdFCgzShXuKDapRhTdrTA=\/0x0:1280x720\/250x0\/images\/Florian-Wirtz-un-avenir-lie-a-Xabi-Alonso-2067279.jpg 2x\" type=\"image\/jpeg\"><source media=\"(min-width: 300px)\" width=\"16\" height=\"9\" class=\"lozad\" srcset=\"https:\/\/images.bfmtv.com\/w4CiQrJAcgByddKvllxc18KSGPw=\/0x0:1280x720\/125x0\/images\/Florian-Wirtz-un-avenir-lie-a-Xabi-Alonso-2067279.webp, https:\/\/images.bfmtv.com\/ZaxZYJkr39w0q4DRcsih3MZsqv0=\/0x0:1280x720\/250x0\/images\/Florian-Wirtz-un-avenir-lie-a-Xabi-Alonso-2067279.webp 2x\" type=\"image\/webp\"><source media=\"(min-width: 300px)\" width=\"16\" height=\"9\" class=\"lozad\" srcset=\"https:\/\/images.bfmtv.com\/yI4luOX8NQ8_KCD_tK45hotqQKU=\/0x0:1280x720\/125x0\/images\/Florian-Wirtz-un-avenir-lie-a-Xabi-Alonso-2067279.jpg, https:\/\/images.bfmtv.com\/ipHS9ypdFCgzShXuKDapRhTdrTA=\/0x0:1280x720\/250x0\/images\/Florian-Wirtz-un-avenir-lie-a-Xabi-Alonso-2067279.jpg 2x\" type=\"image\/jpeg\"><img class=\"lozad\" srcset=\"https:\/\/images.bfmtv.com\/YPntU-UwS5k0SmxMqriCJxlRbPE=\/0x0:1280x720\/283x0\/images\/Florian-Wirtz-un-avenir-lie-a-Xabi-Alonso-2067279.jpg 1x, https:\/\/images.bfmtv.com\/K6htxMubkpYCnoGk1ChH_rCuRa4=\/0x0:1280x720\/566x0\/images\/Florian-Wirtz-un-avenir-lie-a-Xabi-Alonso-2067279.jpg 2x\" width=\"16\" height=\"9\" alt=\"Florian Wirtz, a future linked to Xabi Alonso?\"\/><\/source><\/source><\/source><\/source><\/source><\/source><\/source><\/source><\/picture><figcaption><span class=\"video_time_zone\">2:18<\/span><\/figcaption><\/figure>\n<h3 class=\"last_videos_item_title\">Florian Wirtz, a future linked to Xabi Alonso?<\/h3>\n<\/article>\n<article class=\"last_videos_item\">\n<figure class=\"meme_sujet_picture\"><picture class=\"last_videos_item_cover with-js\"><source media=\"(min-width: 441px)\" width=\"16\" height=\"9\" class=\"lozad\" srcset=\"https:\/\/images.bfmtv.com\/L0wAJNBYBZyoHpjbobpRLPdjTho=\/0x0:1280x720\/283x0\/images\/Le-JOYAU-du-foot-allemand-episode-dedie-a-Florian-Wirtz-After-Allemagne-2067268.webp, https:\/\/images.bfmtv.com\/N2Ph8iTorutTfMKj3nlmqnlPJ8U=\/0x0:1280x720\/566x0\/images\/Le-JOYAU-du-foot-allemand-episode-dedie-a-Florian-Wirtz-After-Allemagne-2067268.webp 2x\" type=\"image\/webp\"><source media=\"(min-width: 441px)\" width=\"16\" height=\"9\" class=\"lozad\" srcset=\"https:\/\/images.bfmtv.com\/zxPu3DydT3VC5ByijAJOgS79jx4=\/0x0:1280x720\/283x0\/images\/Le-JOYAU-du-foot-allemand-episode-dedie-a-Florian-Wirtz-After-Allemagne-2067268.jpg, https:\/\/images.bfmtv.com\/M2QtKgPxdGG_CTGZlI4QLXKmd7Y=\/0x0:1280x720\/566x0\/images\/Le-JOYAU-du-foot-allemand-episode-dedie-a-Florian-Wirtz-After-Allemagne-2067268.jpg 2x\" type=\"image\/jpeg\"><source media=\"(min-width: 361px)\" width=\"16\" height=\"9\" class=\"lozad\" srcset=\"https:\/\/images.bfmtv.com\/KjAB2fC4LU0meGg84R0zNFwV5sg=\/0x0:1280x720\/125x0\/images\/Le-JOYAU-du-foot-allemand-episode-dedie-a-Florian-Wirtz-After-Allemagne-2067268.webp, https:\/\/images.bfmtv.com\/fPZbXvxuRylQiLi-j4Zxz_MbxT8=\/0x0:1280x720\/250x0\/images\/Le-JOYAU-du-foot-allemand-episode-dedie-a-Florian-Wirtz-After-Allemagne-2067268.webp 2x\" type=\"image\/webp\"><source media=\"(min-width: 361px)\" width=\"16\" height=\"9\" class=\"lozad\" srcset=\"https:\/\/images.bfmtv.com\/Tmj-MPzDyvgrjffEtWkOibvXPzk=\/0x0:1280x720\/125x0\/images\/Le-JOYAU-du-foot-allemand-episode-dedie-a-Florian-Wirtz-After-Allemagne-2067268.jpg, https:\/\/images.bfmtv.com\/MB2bMCwcP8FTQsTE-CFpkpx7VxY=\/0x0:1280x720\/250x0\/images\/Le-JOYAU-du-foot-allemand-episode-dedie-a-Florian-Wirtz-After-Allemagne-2067268.jpg 2x\" type=\"image\/jpeg\"><source media=\"(min-width: 321px)\" width=\"16\" height=\"9\" class=\"lozad\" srcset=\"https:\/\/images.bfmtv.com\/KjAB2fC4LU0meGg84R0zNFwV5sg=\/0x0:1280x720\/125x0\/images\/Le-JOYAU-du-foot-allemand-episode-dedie-a-Florian-Wirtz-After-Allemagne-2067268.webp, https:\/\/images.bfmtv.com\/fPZbXvxuRylQiLi-j4Zxz_MbxT8=\/0x0:1280x720\/250x0\/images\/Le-JOYAU-du-foot-allemand-episode-dedie-a-Florian-Wirtz-After-Allemagne-2067268.webp 2x\" type=\"image\/webp\"><source media=\"(min-width: 321px)\" width=\"16\" height=\"9\" class=\"lozad\" srcset=\"https:\/\/images.bfmtv.com\/Tmj-MPzDyvgrjffEtWkOibvXPzk=\/0x0:1280x720\/125x0\/images\/Le-JOYAU-du-foot-allemand-episode-dedie-a-Florian-Wirtz-After-Allemagne-2067268.jpg, https:\/\/images.bfmtv.com\/MB2bMCwcP8FTQsTE-CFpkpx7VxY=\/0x0:1280x720\/250x0\/images\/Le-JOYAU-du-foot-allemand-episode-dedie-a-Florian-Wirtz-After-Allemagne-2067268.jpg 2x\" type=\"image\/jpeg\"><source media=\"(min-width: 300px)\" width=\"16\" height=\"9\" class=\"lozad\" srcset=\"https:\/\/images.bfmtv.com\/KjAB2fC4LU0meGg84R0zNFwV5sg=\/0x0:1280x720\/125x0\/images\/Le-JOYAU-du-foot-allemand-episode-dedie-a-Florian-Wirtz-After-Allemagne-2067268.webp, https:\/\/images.bfmtv.com\/fPZbXvxuRylQiLi-j4Zxz_MbxT8=\/0x0:1280x720\/250x0\/images\/Le-JOYAU-du-foot-allemand-episode-dedie-a-Florian-Wirtz-After-Allemagne-2067268.webp 2x\" type=\"image\/webp\"><source media=\"(min-width: 300px)\" width=\"16\" height=\"9\" class=\"lozad\" srcset=\"https:\/\/images.bfmtv.com\/Tmj-MPzDyvgrjffEtWkOibvXPzk=\/0x0:1280x720\/125x0\/images\/Le-JOYAU-du-foot-allemand-episode-dedie-a-Florian-Wirtz-After-Allemagne-2067268.jpg, https:\/\/images.bfmtv.com\/MB2bMCwcP8FTQsTE-CFpkpx7VxY=\/0x0:1280x720\/250x0\/images\/Le-JOYAU-du-foot-allemand-episode-dedie-a-Florian-Wirtz-After-Allemagne-2067268.jpg 2x\" type=\"image\/jpeg\"><img class=\"lozad\" srcset=\"https:\/\/images.bfmtv.com\/zxPu3DydT3VC5ByijAJOgS79jx4=\/0x0:1280x720\/283x0\/images\/Le-JOYAU-du-foot-allemand-episode-dedie-a-Florian-Wirtz-After-Allemagne-2067268.jpg 1x, https:\/\/images.bfmtv.com\/M2QtKgPxdGG_CTGZlI4QLXKmd7Y=\/0x0:1280x720\/566x0\/images\/Le-JOYAU-du-foot-allemand-episode-dedie-a-Florian-Wirtz-After-Allemagne-2067268.jpg 2x\" width=\"16\" height=\"9\" alt=\"The jewel of German football, episode dedicated to Florian Wirtz (After Germany)\"\/><\/source><\/source><\/source><\/source><\/source><\/source><\/source><\/source><\/picture><figcaption><span class=\"video_time_zone\">25:58<\/span><\/figcaption><\/figure>\n<h3 class=\"last_videos_item_title\">The jewel of German football, episode dedicated to Florian Wirtz (After Germany)<\/h3>\n<\/article>\n<article class=\"last_videos_item\">\n<figure class=\"meme_sujet_picture\"><picture class=\"last_videos_item_cover with-js\"><source media=\"(min-width: 441px)\" width=\"16\" height=\"9\" class=\"lozad\" srcset=\"https:\/\/images.bfmtv.com\/KadNM492oWC837dwr45uAQf_rfU=\/0x0:1280x720\/283x0\/images\/AC-Milan-Mercato-rate-un-effectif-a-reinventer-2067259.webp, https:\/\/images.bfmtv.com\/1xdBlA_CMChaAlA2KbAJ6135SVw=\/0x0:1280x720\/566x0\/images\/AC-Milan-Mercato-rate-un-effectif-a-reinventer-2067259.webp 2x\" type=\"image\/webp\"><source media=\"(min-width: 441px)\" width=\"16\" height=\"9\" class=\"lozad\" srcset=\"https:\/\/images.bfmtv.com\/8jSpWU8VlQt1px4N_eGjKYkoVU8=\/0x0:1280x720\/283x0\/images\/AC-Milan-Mercato-rate-un-effectif-a-reinventer-2067259.jpg, https:\/\/images.bfmtv.com\/tWz4kZIRxkzZT2-rtR6qxnasqSs=\/0x0:1280x720\/566x0\/images\/AC-Milan-Mercato-rate-un-effectif-a-reinventer-2067259.jpg 2x\" type=\"image\/jpeg\"><source media=\"(min-width: 361px)\" width=\"16\" height=\"9\" class=\"lozad\" srcset=\"https:\/\/images.bfmtv.com\/iaXCbitkXxq91RU3cYZYXpsvqEQ=\/0x0:1280x720\/125x0\/images\/AC-Milan-Mercato-rate-un-effectif-a-reinventer-2067259.webp, https:\/\/images.bfmtv.com\/eDimJsgS2qDtTCAPVt_9sCej-mw=\/0x0:1280x720\/250x0\/images\/AC-Milan-Mercato-rate-un-effectif-a-reinventer-2067259.webp 2x\" type=\"image\/webp\"><source media=\"(min-width: 361px)\" width=\"16\" height=\"9\" class=\"lozad\" srcset=\"https:\/\/images.bfmtv.com\/KHi2ca8HdqZS-RbjCVPyZzw4-IA=\/0x0:1280x720\/125x0\/images\/AC-Milan-Mercato-rate-un-effectif-a-reinventer-2067259.jpg, https:\/\/images.bfmtv.com\/uXH0Nr2-p4s_PT0LMbQx03r9Q6g=\/0x0:1280x720\/250x0\/images\/AC-Milan-Mercato-rate-un-effectif-a-reinventer-2067259.jpg 2x\" type=\"image\/jpeg\"><source media=\"(min-width: 321px)\" width=\"16\" height=\"9\" class=\"lozad\" srcset=\"https:\/\/images.bfmtv.com\/iaXCbitkXxq91RU3cYZYXpsvqEQ=\/0x0:1280x720\/125x0\/images\/AC-Milan-Mercato-rate-un-effectif-a-reinventer-2067259.webp, https:\/\/images.bfmtv.com\/eDimJsgS2qDtTCAPVt_9sCej-mw=\/0x0:1280x720\/250x0\/images\/AC-Milan-Mercato-rate-un-effectif-a-reinventer-2067259.webp 2x\" type=\"image\/webp\"><source media=\"(min-width: 321px)\" width=\"16\" height=\"9\" class=\"lozad\" srcset=\"https:\/\/images.bfmtv.com\/KHi2ca8HdqZS-RbjCVPyZzw4-IA=\/0x0:1280x720\/125x0\/images\/AC-Milan-Mercato-rate-un-effectif-a-reinventer-2067259.jpg, https:\/\/images.bfmtv.com\/uXH0Nr2-p4s_PT0LMbQx03r9Q6g=\/0x0:1280x720\/250x0\/images\/AC-Milan-Mercato-rate-un-effectif-a-reinventer-2067259.jpg 2x\" type=\"image\/jpeg\"><source media=\"(min-width: 300px)\" width=\"16\" height=\"9\" class=\"lozad\" srcset=\"https:\/\/images.bfmtv.com\/iaXCbitkXxq91RU3cYZYXpsvqEQ=\/0x0:1280x720\/125x0\/images\/AC-Milan-Mercato-rate-un-effectif-a-reinventer-2067259.webp, https:\/\/images.bfmtv.com\/eDimJsgS2qDtTCAPVt_9sCej-mw=\/0x0:1280x720\/250x0\/images\/AC-Milan-Mercato-rate-un-effectif-a-reinventer-2067259.webp 2x\" type=\"image\/webp\"><source media=\"(min-width: 300px)\" width=\"16\" height=\"9\" class=\"lozad\" srcset=\"https:\/\/images.bfmtv.com\/KHi2ca8HdqZS-RbjCVPyZzw4-IA=\/0x0:1280x720\/125x0\/images\/AC-Milan-Mercato-rate-un-effectif-a-reinventer-2067259.jpg, https:\/\/images.bfmtv.com\/uXH0Nr2-p4s_PT0LMbQx03r9Q6g=\/0x0:1280x720\/250x0\/images\/AC-Milan-Mercato-rate-un-effectif-a-reinventer-2067259.jpg 2x\" type=\"image\/jpeg\"><img class=\"lozad\" srcset=\"https:\/\/images.bfmtv.com\/8jSpWU8VlQt1px4N_eGjKYkoVU8=\/0x0:1280x720\/283x0\/images\/AC-Milan-Mercato-rate-un-effectif-a-reinventer-2067259.jpg 1x, https:\/\/images.bfmtv.com\/tWz4kZIRxkzZT2-rtR6qxnasqSs=\/0x0:1280x720\/566x0\/images\/AC-Milan-Mercato-rate-un-effectif-a-reinventer-2067259.jpg 2x\" width=\"16\" height=\"9\" alt=\"AC Milan: Mercato missed, a workforce to be reinvented\"\/><\/source><\/source><\/source><\/source><\/source><\/source><\/source><\/source><\/picture><figcaption><span class=\"video_time_zone\">1:49<\/span><\/figcaption><\/figure>\n<h3 class=\"last_videos_item_title\">AC Milan: Mercato missed, a workforce to be reinvented<\/h3>\n<\/article>\n<article class=\"last_videos_item\">\n<figure class=\"meme_sujet_picture\"><picture class=\"last_videos_item_cover with-js\"><source media=\"(min-width: 441px)\" width=\"16\" height=\"9\" class=\"lozad\" srcset=\"https:\/\/images.bfmtv.com\/fvYdQlG7ZomLRMmDtRDW40NS6NU=\/0x0:1280x720\/283x0\/images\/Dortmund-3-1-Barcelone-Le-debrief-complet-de-l-After-Foot-2066901.webp, https:\/\/images.bfmtv.com\/_snshLXOtgOUZ1qyCBCXr1q2nL4=\/0x0:1280x720\/566x0\/images\/Dortmund-3-1-Barcelone-Le-debrief-complet-de-l-After-Foot-2066901.webp 2x\" type=\"image\/webp\"><source media=\"(min-width: 441px)\" width=\"16\" height=\"9\" class=\"lozad\" srcset=\"https:\/\/images.bfmtv.com\/ah6c7GstjxEdNQ68UPeVnUqYRxY=\/0x0:1280x720\/283x0\/images\/Dortmund-3-1-Barcelone-Le-debrief-complet-de-l-After-Foot-2066901.jpg, https:\/\/images.bfmtv.com\/qkXoPqoJMa2ITHBtW-olQiiTuOQ=\/0x0:1280x720\/566x0\/images\/Dortmund-3-1-Barcelone-Le-debrief-complet-de-l-After-Foot-2066901.jpg 2x\" type=\"image\/jpeg\"><source media=\"(min-width: 361px)\" width=\"16\" height=\"9\" class=\"lozad\" srcset=\"https:\/\/images.bfmtv.com\/tDkvHgTehLGWmc1Mgc0zUvSypQY=\/0x0:1280x720\/125x0\/images\/Dortmund-3-1-Barcelone-Le-debrief-complet-de-l-After-Foot-2066901.webp, https:\/\/images.bfmtv.com\/xmIkFwb3Hr4oxBcIdIzBkuDusTQ=\/0x0:1280x720\/250x0\/images\/Dortmund-3-1-Barcelone-Le-debrief-complet-de-l-After-Foot-2066901.webp 2x\" type=\"image\/webp\"><source media=\"(min-width: 361px)\" width=\"16\" height=\"9\" class=\"lozad\" srcset=\"https:\/\/images.bfmtv.com\/Jl_2pr8k28nogdTtg6X3CFBxtsM=\/0x0:1280x720\/125x0\/images\/Dortmund-3-1-Barcelone-Le-debrief-complet-de-l-After-Foot-2066901.jpg, https:\/\/images.bfmtv.com\/2BNRLiHD6sOweC7igbEs-8D7Xqw=\/0x0:1280x720\/250x0\/images\/Dortmund-3-1-Barcelone-Le-debrief-complet-de-l-After-Foot-2066901.jpg 2x\" type=\"image\/jpeg\"><source media=\"(min-width: 321px)\" width=\"16\" height=\"9\" class=\"lozad\" srcset=\"https:\/\/images.bfmtv.com\/tDkvHgTehLGWmc1Mgc0zUvSypQY=\/0x0:1280x720\/125x0\/images\/Dortmund-3-1-Barcelone-Le-debrief-complet-de-l-After-Foot-2066901.webp, https:\/\/images.bfmtv.com\/xmIkFwb3Hr4oxBcIdIzBkuDusTQ=\/0x0:1280x720\/250x0\/images\/Dortmund-3-1-Barcelone-Le-debrief-complet-de-l-After-Foot-2066901.webp 2x\" type=\"image\/webp\"><source media=\"(min-width: 321px)\" width=\"16\" height=\"9\" class=\"lozad\" srcset=\"https:\/\/images.bfmtv.com\/Jl_2pr8k28nogdTtg6X3CFBxtsM=\/0x0:1280x720\/125x0\/images\/Dortmund-3-1-Barcelone-Le-debrief-complet-de-l-After-Foot-2066901.jpg, https:\/\/images.bfmtv.com\/2BNRLiHD6sOweC7igbEs-8D7Xqw=\/0x0:1280x720\/250x0\/images\/Dortmund-3-1-Barcelone-Le-debrief-complet-de-l-After-Foot-2066901.jpg 2x\" type=\"image\/jpeg\"><source media=\"(min-width: 300px)\" width=\"16\" height=\"9\" class=\"lozad\" srcset=\"https:\/\/images.bfmtv.com\/tDkvHgTehLGWmc1Mgc0zUvSypQY=\/0x0:1280x720\/125x0\/images\/Dortmund-3-1-Barcelone-Le-debrief-complet-de-l-After-Foot-2066901.webp, https:\/\/images.bfmtv.com\/xmIkFwb3Hr4oxBcIdIzBkuDusTQ=\/0x0:1280x720\/250x0\/images\/Dortmund-3-1-Barcelone-Le-debrief-complet-de-l-After-Foot-2066901.webp 2x\" type=\"image\/webp\"><source media=\"(min-width: 300px)\" width=\"16\" height=\"9\" class=\"lozad\" srcset=\"https:\/\/images.bfmtv.com\/Jl_2pr8k28nogdTtg6X3CFBxtsM=\/0x0:1280x720\/125x0\/images\/Dortmund-3-1-Barcelone-Le-debrief-complet-de-l-After-Foot-2066901.jpg, https:\/\/images.bfmtv.com\/2BNRLiHD6sOweC7igbEs-8D7Xqw=\/0x0:1280x720\/250x0\/images\/Dortmund-3-1-Barcelone-Le-debrief-complet-de-l-After-Foot-2066901.jpg 2x\" type=\"image\/jpeg\"><img class=\"lozad\" srcset=\"https:\/\/images.bfmtv.com\/ah6c7GstjxEdNQ68UPeVnUqYRxY=\/0x0:1280x720\/283x0\/images\/Dortmund-3-1-Barcelone-Le-debrief-complet-de-l-After-Foot-2066901.jpg 1x, https:\/\/images.bfmtv.com\/qkXoPqoJMa2ITHBtW-olQiiTuOQ=\/0x0:1280x720\/566x0\/images\/Dortmund-3-1-Barcelone-Le-debrief-complet-de-l-After-Foot-2066901.jpg 2x\" width=\"16\" height=\"9\" alt=\"Dortmund 3-1 Barcelona: the complete debrief of the after foot\"\/><\/source><\/source><\/source><\/source><\/source><\/source><\/source><\/source><\/picture><figcaption><span class=\"video_time_zone\">16:47<\/span><\/figcaption><\/figure>\n<h3 class=\"last_videos_item_title\">Dortmund 3-1 Barcelona: the complete debrief of the after foot<\/h3>\n<\/article>\n<article class=\"last_videos_item\">\n<figure class=\"meme_sujet_picture\"><picture class=\"last_videos_item_cover with-js\"><source media=\"(min-width: 441px)\" width=\"16\" height=\"9\" class=\"lozad\" srcset=\"https:\/\/images.bfmtv.com\/amXkrW0AMpwDynn_5ZT5BXXrNcs=\/0x0:1280x720\/283x0\/images\/Aston-Villa-3-2-PSG-le-debrief-complet-de-la-qualif-dans-la-douleur-des-Parisiens-2066899.webp, https:\/\/images.bfmtv.com\/8tnohv0TBhTBS0-qgiwglq1AKLE=\/0x0:1280x720\/566x0\/images\/Aston-Villa-3-2-PSG-le-debrief-complet-de-la-qualif-dans-la-douleur-des-Parisiens-2066899.webp 2x\" type=\"image\/webp\"><source media=\"(min-width: 441px)\" width=\"16\" height=\"9\" class=\"lozad\" srcset=\"https:\/\/images.bfmtv.com\/_btdTZxywp1MiUIGhNjBinlTxoc=\/0x0:1280x720\/283x0\/images\/Aston-Villa-3-2-PSG-le-debrief-complet-de-la-qualif-dans-la-douleur-des-Parisiens-2066899.jpg, https:\/\/images.bfmtv.com\/Gh9hHw_HJktehiA645QCfS017Kk=\/0x0:1280x720\/566x0\/images\/Aston-Villa-3-2-PSG-le-debrief-complet-de-la-qualif-dans-la-douleur-des-Parisiens-2066899.jpg 2x\" type=\"image\/jpeg\"><source media=\"(min-width: 361px)\" width=\"16\" height=\"9\" class=\"lozad\" srcset=\"https:\/\/images.bfmtv.com\/fv604guYFNlY1SoKHUwHvvvhcbE=\/0x0:1280x720\/125x0\/images\/Aston-Villa-3-2-PSG-le-debrief-complet-de-la-qualif-dans-la-douleur-des-Parisiens-2066899.webp, https:\/\/images.bfmtv.com\/imhftrIhKb_I5xR9XyOOckAXgPE=\/0x0:1280x720\/250x0\/images\/Aston-Villa-3-2-PSG-le-debrief-complet-de-la-qualif-dans-la-douleur-des-Parisiens-2066899.webp 2x\" type=\"image\/webp\"><source media=\"(min-width: 361px)\" width=\"16\" height=\"9\" class=\"lozad\" srcset=\"https:\/\/images.bfmtv.com\/YBiUy5nrQq5yW2f2u2z0N_Mvz8A=\/0x0:1280x720\/125x0\/images\/Aston-Villa-3-2-PSG-le-debrief-complet-de-la-qualif-dans-la-douleur-des-Parisiens-2066899.jpg, https:\/\/images.bfmtv.com\/kbAtvlHVvLWiG3Gw1Nytt_sK8EA=\/0x0:1280x720\/250x0\/images\/Aston-Villa-3-2-PSG-le-debrief-complet-de-la-qualif-dans-la-douleur-des-Parisiens-2066899.jpg 2x\" type=\"image\/jpeg\"><source media=\"(min-width: 321px)\" width=\"16\" height=\"9\" class=\"lozad\" srcset=\"https:\/\/images.bfmtv.com\/fv604guYFNlY1SoKHUwHvvvhcbE=\/0x0:1280x720\/125x0\/images\/Aston-Villa-3-2-PSG-le-debrief-complet-de-la-qualif-dans-la-douleur-des-Parisiens-2066899.webp, https:\/\/images.bfmtv.com\/imhftrIhKb_I5xR9XyOOckAXgPE=\/0x0:1280x720\/250x0\/images\/Aston-Villa-3-2-PSG-le-debrief-complet-de-la-qualif-dans-la-douleur-des-Parisiens-2066899.webp 2x\" type=\"image\/webp\"><source media=\"(min-width: 321px)\" width=\"16\" height=\"9\" class=\"lozad\" srcset=\"https:\/\/images.bfmtv.com\/YBiUy5nrQq5yW2f2u2z0N_Mvz8A=\/0x0:1280x720\/125x0\/images\/Aston-Villa-3-2-PSG-le-debrief-complet-de-la-qualif-dans-la-douleur-des-Parisiens-2066899.jpg, https:\/\/images.bfmtv.com\/kbAtvlHVvLWiG3Gw1Nytt_sK8EA=\/0x0:1280x720\/250x0\/images\/Aston-Villa-3-2-PSG-le-debrief-complet-de-la-qualif-dans-la-douleur-des-Parisiens-2066899.jpg 2x\" type=\"image\/jpeg\"><source media=\"(min-width: 300px)\" width=\"16\" height=\"9\" class=\"lozad\" srcset=\"https:\/\/images.bfmtv.com\/fv604guYFNlY1SoKHUwHvvvhcbE=\/0x0:1280x720\/125x0\/images\/Aston-Villa-3-2-PSG-le-debrief-complet-de-la-qualif-dans-la-douleur-des-Parisiens-2066899.webp, https:\/\/images.bfmtv.com\/imhftrIhKb_I5xR9XyOOckAXgPE=\/0x0:1280x720\/250x0\/images\/Aston-Villa-3-2-PSG-le-debrief-complet-de-la-qualif-dans-la-douleur-des-Parisiens-2066899.webp 2x\" type=\"image\/webp\"><source media=\"(min-width: 300px)\" width=\"16\" height=\"9\" class=\"lozad\" srcset=\"https:\/\/images.bfmtv.com\/YBiUy5nrQq5yW2f2u2z0N_Mvz8A=\/0x0:1280x720\/125x0\/images\/Aston-Villa-3-2-PSG-le-debrief-complet-de-la-qualif-dans-la-douleur-des-Parisiens-2066899.jpg, https:\/\/images.bfmtv.com\/kbAtvlHVvLWiG3Gw1Nytt_sK8EA=\/0x0:1280x720\/250x0\/images\/Aston-Villa-3-2-PSG-le-debrief-complet-de-la-qualif-dans-la-douleur-des-Parisiens-2066899.jpg 2x\" type=\"image\/jpeg\"><img class=\"lozad\" srcset=\"https:\/\/images.bfmtv.com\/_btdTZxywp1MiUIGhNjBinlTxoc=\/0x0:1280x720\/283x0\/images\/Aston-Villa-3-2-PSG-le-debrief-complet-de-la-qualif-dans-la-douleur-des-Parisiens-2066899.jpg 1x, https:\/\/images.bfmtv.com\/Gh9hHw_HJktehiA645QCfS017Kk=\/0x0:1280x720\/566x0\/images\/Aston-Villa-3-2-PSG-le-debrief-complet-de-la-qualif-dans-la-douleur-des-Parisiens-2066899.jpg 2x\" width=\"16\" height=\"9\" alt=\"Aston Villa 3-2 PSG: the complete debrief of the qualifying &#39;in the pain of Parisians \"\/><\/source><\/source><\/source><\/source><\/source><\/source><\/source><\/source><\/picture><figcaption><span class=\"video_time_zone\">1:01:23<\/span><\/figcaption><\/figure>\n<h3 class=\"last_videos_item_title\">Aston Villa 3-2 PSG: the complete debrief of the qualifying &#39;in the pain of Parisians<\/h3>\n<\/article>\n<\/div>\n<\/section>\n<\/div>\n<\/div>\n<p><template id=\"controlPanel_VOD_Desktop\"\/><template id=\"previewBlock_Desktop\"><\/p>\n<div class=\"previewBlock\"><a class=\"jumpToVideo\" target=\"_blank\"><\/p>\n<div class=\"thumbnailContainer\"><img class=\"thumbnailPreview\"\/><\/div>\n<p><\/a><\/div>\n<p><\/template><template id=\"controlPanel_VOD_Mobile\"\/><template id=\"controlPanel_LIVE_Desktop\"\/><template id=\"controlPanel_LIVE_Mobile\"\/><template id=\"errorTemplate\"\/><\/main><\/body><\/div>\n<p>[ad_2]<\/p>\n","protected":false},"excerpt":{"rendered":"<p>[ad_1] &#8220;A horrible and unworthy match&#8221;, Petit reacts to the elimination of Real On the same subject reading &#8220;A horrible and unworthy match&#8221;, Petit reacts to the elimination of Real &hellip; <\/p>\n","protected":false},"author":6,"featured_media":3641,"comment_status":"open","ping_status":"open","sticky":false,"template":"","format":"standard","meta":{"_jetpack_memberships_contains_paid_content":false,"footnotes":""},"categories":[3],"tags":[],"class_list":["post-3640","post","type-post","status-publish","format-standard","has-post-thumbnail","hentry","category-football"],"yoast_head":"<!-- This site is optimized with the Yoast SEO plugin v27.4 - https:\/\/yoast.com\/product\/yoast-seo-wordpress\/ -->\n<title>&quot;A horrible and unworthy match&quot;, Petit reacts to the elimination of Real - Asport<\/title>\n<meta name=\"robots\" content=\"index, follow, max-snippet:-1, max-image-preview:large, max-video-preview:-1\" \/>\n<link rel=\"canonical\" href=\"https:\/\/asport.com.ng\/?p=3640\" \/>\n<meta property=\"og:locale\" content=\"en_US\" \/>\n<meta property=\"og:type\" content=\"article\" \/>\n<meta property=\"og:title\" content=\"&quot;A horrible and unworthy match&quot;, Petit reacts to the elimination of Real - Asport\" \/>\n<meta property=\"og:description\" content=\"[ad_1] &#8220;A horrible and unworthy match&#8221;, Petit reacts to the elimination of Real On the same subject reading &#8220;A horrible and unworthy match&#8221;, Petit reacts to the elimination of Real &hellip;\" \/>\n<meta property=\"og:url\" content=\"https:\/\/asport.com.ng\/?p=3640\" \/>\n<meta property=\"og:site_name\" content=\"Asport\" \/>\n<meta property=\"article:published_time\" content=\"2025-04-17T14:06:10+00:00\" \/>\n<meta name=\"author\" content=\"Admin1\" \/>\n<meta name=\"twitter:card\" content=\"summary_large_image\" \/>\n<meta name=\"twitter:label1\" content=\"Written by\" \/>\n\t<meta name=\"twitter:data1\" content=\"Admin1\" \/>\n\t<meta name=\"twitter:label2\" content=\"Est. reading time\" \/>\n\t<meta name=\"twitter:data2\" content=\"1 minute\" \/>\n<script type=\"application\/ld+json\" class=\"yoast-schema-graph\">{\"@context\":\"https:\\\/\\\/schema.org\",\"@graph\":[{\"@type\":\"Article\",\"@id\":\"https:\\\/\\\/asport.com.ng\\\/?p=3640#article\",\"isPartOf\":{\"@id\":\"https:\\\/\\\/asport.com.ng\\\/?p=3640\"},\"author\":{\"name\":\"Admin1\",\"@id\":\"https:\\\/\\\/asport.com.ng\\\/#\\\/schema\\\/person\\\/a63da2e56319023144668e6717055c09\"},\"headline\":\"&#8220;A horrible and unworthy match&#8221;, Petit reacts to the elimination of Real\",\"datePublished\":\"2025-04-17T14:06:10+00:00\",\"mainEntityOfPage\":{\"@id\":\"https:\\\/\\\/asport.com.ng\\\/?p=3640\"},\"wordCount\":198,\"commentCount\":0,\"image\":{\"@id\":\"https:\\\/\\\/asport.com.ng\\\/?p=3640#primaryimage\"},\"thumbnailUrl\":\"\",\"articleSection\":[\"FOOTBALL\"],\"inLanguage\":\"en-US\",\"potentialAction\":[{\"@type\":\"CommentAction\",\"name\":\"Comment\",\"target\":[\"https:\\\/\\\/asport.com.ng\\\/?p=3640#respond\"]}]},{\"@type\":\"WebPage\",\"@id\":\"https:\\\/\\\/asport.com.ng\\\/?p=3640\",\"url\":\"https:\\\/\\\/asport.com.ng\\\/?p=3640\",\"name\":\"\\\"A horrible and unworthy match\\\", Petit reacts to the elimination of Real - Asport\",\"isPartOf\":{\"@id\":\"https:\\\/\\\/asport.com.ng\\\/#website\"},\"primaryImageOfPage\":{\"@id\":\"https:\\\/\\\/asport.com.ng\\\/?p=3640#primaryimage\"},\"image\":{\"@id\":\"https:\\\/\\\/asport.com.ng\\\/?p=3640#primaryimage\"},\"thumbnailUrl\":\"\",\"datePublished\":\"2025-04-17T14:06:10+00:00\",\"author\":{\"@id\":\"https:\\\/\\\/asport.com.ng\\\/#\\\/schema\\\/person\\\/a63da2e56319023144668e6717055c09\"},\"breadcrumb\":{\"@id\":\"https:\\\/\\\/asport.com.ng\\\/?p=3640#breadcrumb\"},\"inLanguage\":\"en-US\",\"potentialAction\":[{\"@type\":\"ReadAction\",\"target\":[\"https:\\\/\\\/asport.com.ng\\\/?p=3640\"]}]},{\"@type\":\"ImageObject\",\"inLanguage\":\"en-US\",\"@id\":\"https:\\\/\\\/asport.com.ng\\\/?p=3640#primaryimage\",\"url\":\"\",\"contentUrl\":\"\"},{\"@type\":\"BreadcrumbList\",\"@id\":\"https:\\\/\\\/asport.com.ng\\\/?p=3640#breadcrumb\",\"itemListElement\":[{\"@type\":\"ListItem\",\"position\":1,\"name\":\"Home\",\"item\":\"https:\\\/\\\/asport.com.ng\\\/\"},{\"@type\":\"ListItem\",\"position\":2,\"name\":\"&#8220;A horrible and unworthy match&#8221;, Petit reacts to the elimination of Real\"}]},{\"@type\":\"WebSite\",\"@id\":\"https:\\\/\\\/asport.com.ng\\\/#website\",\"url\":\"https:\\\/\\\/asport.com.ng\\\/\",\"name\":\"Asport\",\"description\":\"Always for Sport\",\"potentialAction\":[{\"@type\":\"SearchAction\",\"target\":{\"@type\":\"EntryPoint\",\"urlTemplate\":\"https:\\\/\\\/asport.com.ng\\\/?s={search_term_string}\"},\"query-input\":{\"@type\":\"PropertyValueSpecification\",\"valueRequired\":true,\"valueName\":\"search_term_string\"}}],\"inLanguage\":\"en-US\"},{\"@type\":\"Person\",\"@id\":\"https:\\\/\\\/asport.com.ng\\\/#\\\/schema\\\/person\\\/a63da2e56319023144668e6717055c09\",\"name\":\"Admin1\",\"image\":{\"@type\":\"ImageObject\",\"inLanguage\":\"en-US\",\"@id\":\"https:\\\/\\\/secure.gravatar.com\\\/avatar\\\/d3f1a3acc2b5542dbfb9acb9f1c3f1ed07e528b7aa9bb345a0ba2eaa8c84ffb0?s=96&d=mm&r=g\",\"url\":\"https:\\\/\\\/secure.gravatar.com\\\/avatar\\\/d3f1a3acc2b5542dbfb9acb9f1c3f1ed07e528b7aa9bb345a0ba2eaa8c84ffb0?s=96&d=mm&r=g\",\"contentUrl\":\"https:\\\/\\\/secure.gravatar.com\\\/avatar\\\/d3f1a3acc2b5542dbfb9acb9f1c3f1ed07e528b7aa9bb345a0ba2eaa8c84ffb0?s=96&d=mm&r=g\",\"caption\":\"Admin1\"},\"url\":\"https:\\\/\\\/asport.com.ng\\\/?author=6\"}]}<\/script>\n<!-- \/ Yoast SEO plugin. -->","yoast_head_json":{"title":"\"A horrible and unworthy match\", Petit reacts to the elimination of Real - Asport","robots":{"index":"index","follow":"follow","max-snippet":"max-snippet:-1","max-image-preview":"max-image-preview:large","max-video-preview":"max-video-preview:-1"},"canonical":"https:\/\/asport.com.ng\/?p=3640","og_locale":"en_US","og_type":"article","og_title":"\"A horrible and unworthy match\", Petit reacts to the elimination of Real - Asport","og_description":"[ad_1] &#8220;A horrible and unworthy match&#8221;, Petit reacts to the elimination of Real On the same subject reading &#8220;A horrible and unworthy match&#8221;, Petit reacts to the elimination of Real &hellip;","og_url":"https:\/\/asport.com.ng\/?p=3640","og_site_name":"Asport","article_published_time":"2025-04-17T14:06:10+00:00","author":"Admin1","twitter_card":"summary_large_image","twitter_misc":{"Written by":"Admin1","Est. reading time":"1 minute"},"schema":{"@context":"https:\/\/schema.org","@graph":[{"@type":"Article","@id":"https:\/\/asport.com.ng\/?p=3640#article","isPartOf":{"@id":"https:\/\/asport.com.ng\/?p=3640"},"author":{"name":"Admin1","@id":"https:\/\/asport.com.ng\/#\/schema\/person\/a63da2e56319023144668e6717055c09"},"headline":"&#8220;A horrible and unworthy match&#8221;, Petit reacts to the elimination of Real","datePublished":"2025-04-17T14:06:10+00:00","mainEntityOfPage":{"@id":"https:\/\/asport.com.ng\/?p=3640"},"wordCount":198,"commentCount":0,"image":{"@id":"https:\/\/asport.com.ng\/?p=3640#primaryimage"},"thumbnailUrl":"","articleSection":["FOOTBALL"],"inLanguage":"en-US","potentialAction":[{"@type":"CommentAction","name":"Comment","target":["https:\/\/asport.com.ng\/?p=3640#respond"]}]},{"@type":"WebPage","@id":"https:\/\/asport.com.ng\/?p=3640","url":"https:\/\/asport.com.ng\/?p=3640","name":"\"A horrible and unworthy match\", Petit reacts to the elimination of Real - Asport","isPartOf":{"@id":"https:\/\/asport.com.ng\/#website"},"primaryImageOfPage":{"@id":"https:\/\/asport.com.ng\/?p=3640#primaryimage"},"image":{"@id":"https:\/\/asport.com.ng\/?p=3640#primaryimage"},"thumbnailUrl":"","datePublished":"2025-04-17T14:06:10+00:00","author":{"@id":"https:\/\/asport.com.ng\/#\/schema\/person\/a63da2e56319023144668e6717055c09"},"breadcrumb":{"@id":"https:\/\/asport.com.ng\/?p=3640#breadcrumb"},"inLanguage":"en-US","potentialAction":[{"@type":"ReadAction","target":["https:\/\/asport.com.ng\/?p=3640"]}]},{"@type":"ImageObject","inLanguage":"en-US","@id":"https:\/\/asport.com.ng\/?p=3640#primaryimage","url":"","contentUrl":""},{"@type":"BreadcrumbList","@id":"https:\/\/asport.com.ng\/?p=3640#breadcrumb","itemListElement":[{"@type":"ListItem","position":1,"name":"Home","item":"https:\/\/asport.com.ng\/"},{"@type":"ListItem","position":2,"name":"&#8220;A horrible and unworthy match&#8221;, Petit reacts to the elimination of Real"}]},{"@type":"WebSite","@id":"https:\/\/asport.com.ng\/#website","url":"https:\/\/asport.com.ng\/","name":"Asport","description":"Always for Sport","potentialAction":[{"@type":"SearchAction","target":{"@type":"EntryPoint","urlTemplate":"https:\/\/asport.com.ng\/?s={search_term_string}"},"query-input":{"@type":"PropertyValueSpecification","valueRequired":true,"valueName":"search_term_string"}}],"inLanguage":"en-US"},{"@type":"Person","@id":"https:\/\/asport.com.ng\/#\/schema\/person\/a63da2e56319023144668e6717055c09","name":"Admin1","image":{"@type":"ImageObject","inLanguage":"en-US","@id":"https:\/\/secure.gravatar.com\/avatar\/d3f1a3acc2b5542dbfb9acb9f1c3f1ed07e528b7aa9bb345a0ba2eaa8c84ffb0?s=96&d=mm&r=g","url":"https:\/\/secure.gravatar.com\/avatar\/d3f1a3acc2b5542dbfb9acb9f1c3f1ed07e528b7aa9bb345a0ba2eaa8c84ffb0?s=96&d=mm&r=g","contentUrl":"https:\/\/secure.gravatar.com\/avatar\/d3f1a3acc2b5542dbfb9acb9f1c3f1ed07e528b7aa9bb345a0ba2eaa8c84ffb0?s=96&d=mm&r=g","caption":"Admin1"},"url":"https:\/\/asport.com.ng\/?author=6"}]}},"jetpack_featured_media_url":"","jetpack_sharing_enabled":true,"_links":{"self":[{"href":"https:\/\/asport.com.ng\/index.php?rest_route=\/wp\/v2\/posts\/3640","targetHints":{"allow":["GET"]}}],"collection":[{"href":"https:\/\/asport.com.ng\/index.php?rest_route=\/wp\/v2\/posts"}],"about":[{"href":"https:\/\/asport.com.ng\/index.php?rest_route=\/wp\/v2\/types\/post"}],"author":[{"embeddable":true,"href":"https:\/\/asport.com.ng\/index.php?rest_route=\/wp\/v2\/users\/6"}],"replies":[{"embeddable":true,"href":"https:\/\/asport.com.ng\/index.php?rest_route=%2Fwp%2Fv2%2Fcomments&post=3640"}],"version-history":[{"count":0,"href":"https:\/\/asport.com.ng\/index.php?rest_route=\/wp\/v2\/posts\/3640\/revisions"}],"wp:featuredmedia":[{"embeddable":true,"href":"https:\/\/asport.com.ng\/index.php?rest_route=\/"}],"wp:attachment":[{"href":"https:\/\/asport.com.ng\/index.php?rest_route=%2Fwp%2Fv2%2Fmedia&parent=3640"}],"wp:term":[{"taxonomy":"category","embeddable":true,"href":"https:\/\/asport.com.ng\/index.php?rest_route=%2Fwp%2Fv2%2Fcategories&post=3640"},{"taxonomy":"post_tag","embeddable":true,"href":"https:\/\/asport.com.ng\/index.php?rest_route=%2Fwp%2Fv2%2Ftags&post=3640"}],"curies":[{"name":"wp","href":"https:\/\/api.w.org\/{rel}","templated":true}]}}