{"id":5598,"date":"2025-04-21T08:33:01","date_gmt":"2025-04-21T08:33:01","guid":{"rendered":"https:\/\/asport.com.ng\/?p=5598"},"modified":"2025-04-21T08:33:01","modified_gmt":"2025-04-21T08:33:01","slug":"liga-seville-hung-by-alaves","status":"publish","type":"post","link":"https:\/\/asport.com.ng\/?p=5598","title":{"rendered":"Liga: Seville hung by Alav\u00e8s"},"content":{"rendered":"<p> [ad_1]<br \/>\n<\/p>\n<div data-live-id=\"articleContent.isLive\" data-live-value=\"17451735620\" data-live=\"0\" data-live-reload=\"1\">\n<p>Bottom match at S\u00e1nchez-Pizju\u00e1n. Sevilla FC 15th, received Alav\u00e9s, 18th and first relegation. If the Sevillans counted six points ahead of their opponent of the day, and therefore on the red zone, at the start of this meeting, they hoped to put an end to their black series of four losses in a row, who will have been right for Francisco Garcia Piminta. And for his first match at the head of the Andalusian team, Joaqu\u00edn Caparr\u00f3s, who had already coached the Rojiblancos several times, began with a draw.<\/p>\n<div class=\"adWrapper adWrapper--m\">\n            <span>The continuation after this advertisement<\/span><\/p><\/div>\n<p>However, it was Seville who had opened the brand thanks to the young Peque. He had taken advantage of a good service of Lucien Agoume to allow his team to almost ensure the maintenance. But the Andalusian defense, as often this season, has ended up cracking again. Before the break, Alav\u00e8s equalized through Kike Garcia. The score will no longer move. With this draw, Seville keeps 6 points ahead of the red zone but lacks the opportunity to get sheltered 6 days from the end.<\/p>\n<\/div>\n<p>\n    <span>Pub. the <time datetime=\"2025-04-20T18:24:46+00:00\">20\/04\/2025 20:24<\/time><\/span><br \/>\n            <span>&#8211; Maj the <time datetime=\"2025-04-20T18:26:02+00:00\">20\/04\/2025 20:26<\/time><\/span>\n    <\/p>\n<p>[ad_2]<br \/><\/p>\n","protected":false},"excerpt":{"rendered":"<p>[ad_1] Bottom match at S\u00e1nchez-Pizju\u00e1n. Sevilla FC 15th, received Alav\u00e9s, 18th and first relegation. If the Sevillans counted six points ahead of their opponent of the day, and therefore on &hellip; <\/p>\n","protected":false},"author":6,"featured_media":5599,"comment_status":"open","ping_status":"open","sticky":false,"template":"","format":"standard","meta":{"_jetpack_memberships_contains_paid_content":false,"footnotes":""},"categories":[3],"tags":[],"class_list":["post-5598","post","type-post","status-publish","format-standard","has-post-thumbnail","hentry","category-football"],"yoast_head":"<!-- This site is optimized with the Yoast SEO plugin v27.4 - https:\/\/yoast.com\/product\/yoast-seo-wordpress\/ -->\n<title>Liga: Seville hung by Alav\u00e8s - Asport<\/title>\n<meta name=\"robots\" content=\"index, follow, max-snippet:-1, max-image-preview:large, max-video-preview:-1\" \/>\n<link rel=\"canonical\" href=\"https:\/\/asport.com.ng\/?p=5598\" \/>\n<meta property=\"og:locale\" content=\"en_US\" \/>\n<meta property=\"og:type\" content=\"article\" \/>\n<meta property=\"og:title\" content=\"Liga: Seville hung by Alav\u00e8s - Asport\" \/>\n<meta property=\"og:description\" content=\"[ad_1] Bottom match at S\u00e1nchez-Pizju\u00e1n. Sevilla FC 15th, received Alav\u00e9s, 18th and first relegation. If the Sevillans counted six points ahead of their opponent of the day, and therefore on &hellip;\" \/>\n<meta property=\"og:url\" content=\"https:\/\/asport.com.ng\/?p=5598\" \/>\n<meta property=\"og:site_name\" content=\"Asport\" \/>\n<meta property=\"article:published_time\" content=\"2025-04-21T08:33:01+00:00\" \/>\n<meta name=\"author\" content=\"Admin1\" \/>\n<meta name=\"twitter:card\" content=\"summary_large_image\" \/>\n<meta name=\"twitter:label1\" content=\"Written by\" \/>\n\t<meta name=\"twitter:data1\" content=\"Admin1\" \/>\n\t<meta name=\"twitter:label2\" content=\"Est. reading time\" \/>\n\t<meta name=\"twitter:data2\" content=\"1 minute\" \/>\n<script type=\"application\/ld+json\" class=\"yoast-schema-graph\">{\"@context\":\"https:\\\/\\\/schema.org\",\"@graph\":[{\"@type\":\"Article\",\"@id\":\"https:\\\/\\\/asport.com.ng\\\/?p=5598#article\",\"isPartOf\":{\"@id\":\"https:\\\/\\\/asport.com.ng\\\/?p=5598\"},\"author\":{\"name\":\"Admin1\",\"@id\":\"https:\\\/\\\/asport.com.ng\\\/#\\\/schema\\\/person\\\/a63da2e56319023144668e6717055c09\"},\"headline\":\"Liga: Seville hung by Alav\u00e8s\",\"datePublished\":\"2025-04-21T08:33:01+00:00\",\"mainEntityOfPage\":{\"@id\":\"https:\\\/\\\/asport.com.ng\\\/?p=5598\"},\"wordCount\":196,\"commentCount\":0,\"image\":{\"@id\":\"https:\\\/\\\/asport.com.ng\\\/?p=5598#primaryimage\"},\"thumbnailUrl\":\"\",\"articleSection\":[\"FOOTBALL\"],\"inLanguage\":\"en-US\",\"potentialAction\":[{\"@type\":\"CommentAction\",\"name\":\"Comment\",\"target\":[\"https:\\\/\\\/asport.com.ng\\\/?p=5598#respond\"]}]},{\"@type\":\"WebPage\",\"@id\":\"https:\\\/\\\/asport.com.ng\\\/?p=5598\",\"url\":\"https:\\\/\\\/asport.com.ng\\\/?p=5598\",\"name\":\"Liga: Seville hung by Alav\u00e8s - Asport\",\"isPartOf\":{\"@id\":\"https:\\\/\\\/asport.com.ng\\\/#website\"},\"primaryImageOfPage\":{\"@id\":\"https:\\\/\\\/asport.com.ng\\\/?p=5598#primaryimage\"},\"image\":{\"@id\":\"https:\\\/\\\/asport.com.ng\\\/?p=5598#primaryimage\"},\"thumbnailUrl\":\"\",\"datePublished\":\"2025-04-21T08:33:01+00:00\",\"author\":{\"@id\":\"https:\\\/\\\/asport.com.ng\\\/#\\\/schema\\\/person\\\/a63da2e56319023144668e6717055c09\"},\"breadcrumb\":{\"@id\":\"https:\\\/\\\/asport.com.ng\\\/?p=5598#breadcrumb\"},\"inLanguage\":\"en-US\",\"potentialAction\":[{\"@type\":\"ReadAction\",\"target\":[\"https:\\\/\\\/asport.com.ng\\\/?p=5598\"]}]},{\"@type\":\"ImageObject\",\"inLanguage\":\"en-US\",\"@id\":\"https:\\\/\\\/asport.com.ng\\\/?p=5598#primaryimage\",\"url\":\"\",\"contentUrl\":\"\"},{\"@type\":\"BreadcrumbList\",\"@id\":\"https:\\\/\\\/asport.com.ng\\\/?p=5598#breadcrumb\",\"itemListElement\":[{\"@type\":\"ListItem\",\"position\":1,\"name\":\"Home\",\"item\":\"https:\\\/\\\/asport.com.ng\\\/\"},{\"@type\":\"ListItem\",\"position\":2,\"name\":\"Liga: Seville hung by Alav\u00e8s\"}]},{\"@type\":\"WebSite\",\"@id\":\"https:\\\/\\\/asport.com.ng\\\/#website\",\"url\":\"https:\\\/\\\/asport.com.ng\\\/\",\"name\":\"Asport\",\"description\":\"Always for Sport\",\"potentialAction\":[{\"@type\":\"SearchAction\",\"target\":{\"@type\":\"EntryPoint\",\"urlTemplate\":\"https:\\\/\\\/asport.com.ng\\\/?s={search_term_string}\"},\"query-input\":{\"@type\":\"PropertyValueSpecification\",\"valueRequired\":true,\"valueName\":\"search_term_string\"}}],\"inLanguage\":\"en-US\"},{\"@type\":\"Person\",\"@id\":\"https:\\\/\\\/asport.com.ng\\\/#\\\/schema\\\/person\\\/a63da2e56319023144668e6717055c09\",\"name\":\"Admin1\",\"image\":{\"@type\":\"ImageObject\",\"inLanguage\":\"en-US\",\"@id\":\"https:\\\/\\\/secure.gravatar.com\\\/avatar\\\/d3f1a3acc2b5542dbfb9acb9f1c3f1ed07e528b7aa9bb345a0ba2eaa8c84ffb0?s=96&d=mm&r=g\",\"url\":\"https:\\\/\\\/secure.gravatar.com\\\/avatar\\\/d3f1a3acc2b5542dbfb9acb9f1c3f1ed07e528b7aa9bb345a0ba2eaa8c84ffb0?s=96&d=mm&r=g\",\"contentUrl\":\"https:\\\/\\\/secure.gravatar.com\\\/avatar\\\/d3f1a3acc2b5542dbfb9acb9f1c3f1ed07e528b7aa9bb345a0ba2eaa8c84ffb0?s=96&d=mm&r=g\",\"caption\":\"Admin1\"},\"url\":\"https:\\\/\\\/asport.com.ng\\\/?author=6\"}]}<\/script>\n<!-- \/ Yoast SEO plugin. -->","yoast_head_json":{"title":"Liga: Seville hung by Alav\u00e8s - Asport","robots":{"index":"index","follow":"follow","max-snippet":"max-snippet:-1","max-image-preview":"max-image-preview:large","max-video-preview":"max-video-preview:-1"},"canonical":"https:\/\/asport.com.ng\/?p=5598","og_locale":"en_US","og_type":"article","og_title":"Liga: Seville hung by Alav\u00e8s - Asport","og_description":"[ad_1] Bottom match at S\u00e1nchez-Pizju\u00e1n. Sevilla FC 15th, received Alav\u00e9s, 18th and first relegation. If the Sevillans counted six points ahead of their opponent of the day, and therefore on &hellip;","og_url":"https:\/\/asport.com.ng\/?p=5598","og_site_name":"Asport","article_published_time":"2025-04-21T08:33:01+00:00","author":"Admin1","twitter_card":"summary_large_image","twitter_misc":{"Written by":"Admin1","Est. reading time":"1 minute"},"schema":{"@context":"https:\/\/schema.org","@graph":[{"@type":"Article","@id":"https:\/\/asport.com.ng\/?p=5598#article","isPartOf":{"@id":"https:\/\/asport.com.ng\/?p=5598"},"author":{"name":"Admin1","@id":"https:\/\/asport.com.ng\/#\/schema\/person\/a63da2e56319023144668e6717055c09"},"headline":"Liga: Seville hung by Alav\u00e8s","datePublished":"2025-04-21T08:33:01+00:00","mainEntityOfPage":{"@id":"https:\/\/asport.com.ng\/?p=5598"},"wordCount":196,"commentCount":0,"image":{"@id":"https:\/\/asport.com.ng\/?p=5598#primaryimage"},"thumbnailUrl":"","articleSection":["FOOTBALL"],"inLanguage":"en-US","potentialAction":[{"@type":"CommentAction","name":"Comment","target":["https:\/\/asport.com.ng\/?p=5598#respond"]}]},{"@type":"WebPage","@id":"https:\/\/asport.com.ng\/?p=5598","url":"https:\/\/asport.com.ng\/?p=5598","name":"Liga: Seville hung by Alav\u00e8s - Asport","isPartOf":{"@id":"https:\/\/asport.com.ng\/#website"},"primaryImageOfPage":{"@id":"https:\/\/asport.com.ng\/?p=5598#primaryimage"},"image":{"@id":"https:\/\/asport.com.ng\/?p=5598#primaryimage"},"thumbnailUrl":"","datePublished":"2025-04-21T08:33:01+00:00","author":{"@id":"https:\/\/asport.com.ng\/#\/schema\/person\/a63da2e56319023144668e6717055c09"},"breadcrumb":{"@id":"https:\/\/asport.com.ng\/?p=5598#breadcrumb"},"inLanguage":"en-US","potentialAction":[{"@type":"ReadAction","target":["https:\/\/asport.com.ng\/?p=5598"]}]},{"@type":"ImageObject","inLanguage":"en-US","@id":"https:\/\/asport.com.ng\/?p=5598#primaryimage","url":"","contentUrl":""},{"@type":"BreadcrumbList","@id":"https:\/\/asport.com.ng\/?p=5598#breadcrumb","itemListElement":[{"@type":"ListItem","position":1,"name":"Home","item":"https:\/\/asport.com.ng\/"},{"@type":"ListItem","position":2,"name":"Liga: Seville hung by Alav\u00e8s"}]},{"@type":"WebSite","@id":"https:\/\/asport.com.ng\/#website","url":"https:\/\/asport.com.ng\/","name":"Asport","description":"Always for Sport","potentialAction":[{"@type":"SearchAction","target":{"@type":"EntryPoint","urlTemplate":"https:\/\/asport.com.ng\/?s={search_term_string}"},"query-input":{"@type":"PropertyValueSpecification","valueRequired":true,"valueName":"search_term_string"}}],"inLanguage":"en-US"},{"@type":"Person","@id":"https:\/\/asport.com.ng\/#\/schema\/person\/a63da2e56319023144668e6717055c09","name":"Admin1","image":{"@type":"ImageObject","inLanguage":"en-US","@id":"https:\/\/secure.gravatar.com\/avatar\/d3f1a3acc2b5542dbfb9acb9f1c3f1ed07e528b7aa9bb345a0ba2eaa8c84ffb0?s=96&d=mm&r=g","url":"https:\/\/secure.gravatar.com\/avatar\/d3f1a3acc2b5542dbfb9acb9f1c3f1ed07e528b7aa9bb345a0ba2eaa8c84ffb0?s=96&d=mm&r=g","contentUrl":"https:\/\/secure.gravatar.com\/avatar\/d3f1a3acc2b5542dbfb9acb9f1c3f1ed07e528b7aa9bb345a0ba2eaa8c84ffb0?s=96&d=mm&r=g","caption":"Admin1"},"url":"https:\/\/asport.com.ng\/?author=6"}]}},"jetpack_featured_media_url":"","jetpack_sharing_enabled":true,"_links":{"self":[{"href":"https:\/\/asport.com.ng\/index.php?rest_route=\/wp\/v2\/posts\/5598","targetHints":{"allow":["GET"]}}],"collection":[{"href":"https:\/\/asport.com.ng\/index.php?rest_route=\/wp\/v2\/posts"}],"about":[{"href":"https:\/\/asport.com.ng\/index.php?rest_route=\/wp\/v2\/types\/post"}],"author":[{"embeddable":true,"href":"https:\/\/asport.com.ng\/index.php?rest_route=\/wp\/v2\/users\/6"}],"replies":[{"embeddable":true,"href":"https:\/\/asport.com.ng\/index.php?rest_route=%2Fwp%2Fv2%2Fcomments&post=5598"}],"version-history":[{"count":0,"href":"https:\/\/asport.com.ng\/index.php?rest_route=\/wp\/v2\/posts\/5598\/revisions"}],"wp:featuredmedia":[{"embeddable":true,"href":"https:\/\/asport.com.ng\/index.php?rest_route=\/"}],"wp:attachment":[{"href":"https:\/\/asport.com.ng\/index.php?rest_route=%2Fwp%2Fv2%2Fmedia&parent=5598"}],"wp:term":[{"taxonomy":"category","embeddable":true,"href":"https:\/\/asport.com.ng\/index.php?rest_route=%2Fwp%2Fv2%2Fcategories&post=5598"},{"taxonomy":"post_tag","embeddable":true,"href":"https:\/\/asport.com.ng\/index.php?rest_route=%2Fwp%2Fv2%2Ftags&post=5598"}],"curies":[{"name":"wp","href":"https:\/\/api.w.org\/{rel}","templated":true}]}}